{"id":2241,"date":"2026-01-13T12:13:33","date_gmt":"2026-01-13T11:13:33","guid":{"rendered":"https:\/\/beade.es\/axudas-a-particulares-para-correccion-de-impactos-paisaxisticos\/"},"modified":"2026-01-13T12:16:20","modified_gmt":"2026-01-13T11:16:20","slug":"axudas-a-particulares-para-correccion-de-impactos-paisaxisticos","status":"publish","type":"post","link":"https:\/\/beade.es\/es\/axudas-a-particulares-para-correccion-de-impactos-paisaxisticos\/","title":{"rendered":"Ayudas a particulares para correcci\u00f3n de impactos paisaj\u00edsticos"},"content":{"rendered":"<p>La presente noticia tiene por obejeto informar de la nueva convocatoria de ayudas a particulares de la Xunta de Galicia para la CORRECCI\u00d3N DE IMPACTOS PAISAJ\u00cdSTICOS (MT402A).<\/p>\n<p>La ayuda cubre el 70% de la inversi\u00f3n a realizar, con un m\u00e1ximo de 3.000 \u20ac por solicitud, por lo que el vecino que desee obtener esa cantidad m\u00e1xima deber\u00e1 realizar un proyecto de 4.285,71 \u20ac, de los cuales deber\u00e1 aportar 1.285,71 \u20ac.<\/p>\n<p>Se trata de una oportunidad \u00fanica para peque\u00f1os arreglos que podr\u00e1n cambiar por completo la imagen del pueblo. Se pueden arreglar fachadas (revestimiento y pintura con colores que respeten el entorno), tejados (sustituir materiales no id\u00f3neos, como el fibrocemento o chapas, por teja o materiales tradicionales), muros y cierres (finalizar esos muros de bloque que quedaron sin cubrir con piedra o revestimiento adecuado)&#8230; o hacer una limpieza visual (retirar elementos viejos que afeen la vivienda, como antenas en desuso o cables).<\/p>\n<p>Las ayudas se conceden por orden de entrada hasta agotar el presupuesto, por lo que se recomienda realizar la solicitud lo antes posible. El plazo comienza el pr\u00f3ximo viernes, 16 de enero de 2026, a las 12:00 horas, y finaliza el d\u00eda 16 de febrero.<\/p>\n<p>Para poder solicitar correctamente la ayuda, se requiere ser propietario o usufrutuario del inmueble o terreno, presentar la solicitud por v\u00eda electr\u00f3nica (es preciso Chave365 o certificado digital), acreditar la actuaci\u00f3n con fotos del estado actual y realizar una memoria sencilla con el presupuesto.<\/p>\n<p>En caso de duda sobre c\u00f3mo tramitar la ayuda o presentar la documentaci\u00f3n, se ofrecer\u00e1 apoyo desde el Ayuntamiento de Beade.<\/p>\n<p>Se adjunta la orden de la convocatoria en pdf: <a href=\"https:\/\/beade.es\/wp-content\/uploads\/2026\/01\/Impactos-paisaxisticos-2026-particulares.pdf\">Impactos paisaj\u00edsticos 2026 particulares<\/a><\/p>\n","protected":false},"excerpt":{"rendered":"<p>La presente noticia tiene por obejeto informar de la nueva convocatoria de ayudas a particulares de la Xunta de Galicia para la CORRECCI\u00d3N DE IMPACTOS PAISAJ\u00cdSTICOS (MT402A). La ayuda cubre el 70% de la inversi\u00f3n a realizar, con un m\u00e1ximo de 3.000 \u20ac por solicitud, por lo que el vecino que desee obtener esa cantidad [&hellip;]<\/p>\n","protected":false},"author":2,"featured_media":2239,"comment_status":"closed","ping_status":"closed","sticky":false,"template":"","format":"standard","meta":[],"categories":[24],"tags":[],"yoast_head":"<!-- This site is optimized with the Yoast SEO plugin v20.10 - https:\/\/yoast.com\/wordpress\/plugins\/seo\/ -->\n<title>Ayudas a particulares para correcci\u00f3n de impactos paisaj\u00edsticos | Concello de Beade<\/title>\n<meta name=\"robots\" content=\"index, follow, max-snippet:-1, max-image-preview:large, max-video-preview:-1\" \/>\n<link rel=\"canonical\" href=\"https:\/\/beade.es\/es\/axudas-a-particulares-para-correccion-de-impactos-paisaxisticos\/\" \/>\n<meta property=\"og:locale\" content=\"es_ES\" \/>\n<meta property=\"og:type\" content=\"article\" \/>\n<meta property=\"og:title\" content=\"Ayudas a particulares para correcci\u00f3n de impactos paisaj\u00edsticos | Concello de Beade\" \/>\n<meta property=\"og:description\" content=\"La presente noticia tiene por obejeto informar de la nueva convocatoria de ayudas a particulares de la Xunta de Galicia para la CORRECCI\u00d3N DE IMPACTOS PAISAJ\u00cdSTICOS (MT402A). La ayuda cubre el 70% de la inversi\u00f3n a realizar, con un m\u00e1ximo de 3.000 \u20ac por solicitud, por lo que el vecino que desee obtener esa cantidad [&hellip;]\" \/>\n<meta property=\"og:url\" content=\"https:\/\/beade.es\/es\/axudas-a-particulares-para-correccion-de-impactos-paisaxisticos\/\" \/>\n<meta property=\"og:site_name\" content=\"Concello de Beade\" \/>\n<meta property=\"article:published_time\" content=\"2026-01-13T11:13:33+00:00\" \/>\n<meta property=\"article:modified_time\" content=\"2026-01-13T11:16:20+00:00\" \/>\n<meta property=\"og:image\" content=\"https:\/\/beade.es\/wp-content\/uploads\/2026\/01\/impactospaisaxisticos.jpg\" \/>\n\t<meta property=\"og:image:width\" content=\"2560\" \/>\n\t<meta property=\"og:image:height\" content=\"1920\" \/>\n\t<meta property=\"og:image:type\" content=\"image\/jpeg\" \/>\n<meta name=\"author\" content=\"Xestor Contidos\" \/>\n<meta name=\"twitter:card\" content=\"summary_large_image\" \/>\n<meta name=\"twitter:label1\" content=\"Escrito por\" \/>\n\t<meta name=\"twitter:data1\" content=\"Xestor Contidos\" \/>\n\t<meta name=\"twitter:label2\" content=\"Tiempo de lectura\" \/>\n\t<meta name=\"twitter:data2\" content=\"2 minutos\" \/>\n<script type=\"application\/ld+json\" class=\"yoast-schema-graph\">{\"@context\":\"https:\/\/schema.org\",\"@graph\":[{\"@type\":\"Article\",\"@id\":\"https:\/\/beade.es\/es\/axudas-a-particulares-para-correccion-de-impactos-paisaxisticos\/#article\",\"isPartOf\":{\"@id\":\"https:\/\/beade.es\/es\/axudas-a-particulares-para-correccion-de-impactos-paisaxisticos\/\"},\"author\":{\"name\":\"Xestor Contidos\",\"@id\":\"https:\/\/beade.es\/#\/schema\/person\/965c7e653fc9a4298481a6bedca766bd\"},\"headline\":\"Ayudas a particulares para correcci\u00f3n de impactos paisaj\u00edsticos\",\"datePublished\":\"2026-01-13T11:13:33+00:00\",\"dateModified\":\"2026-01-13T11:16:20+00:00\",\"mainEntityOfPage\":{\"@id\":\"https:\/\/beade.es\/es\/axudas-a-particulares-para-correccion-de-impactos-paisaxisticos\/\"},\"wordCount\":289,\"publisher\":{\"@id\":\"https:\/\/beade.es\/#organization\"},\"articleSection\":[\"Noticias\"],\"inLanguage\":\"es\"},{\"@type\":\"WebPage\",\"@id\":\"https:\/\/beade.es\/es\/axudas-a-particulares-para-correccion-de-impactos-paisaxisticos\/\",\"url\":\"https:\/\/beade.es\/es\/axudas-a-particulares-para-correccion-de-impactos-paisaxisticos\/\",\"name\":\"Ayudas a particulares para correcci\u00f3n de impactos paisaj\u00edsticos | Concello de Beade\",\"isPartOf\":{\"@id\":\"https:\/\/beade.es\/#website\"},\"datePublished\":\"2026-01-13T11:13:33+00:00\",\"dateModified\":\"2026-01-13T11:16:20+00:00\",\"breadcrumb\":{\"@id\":\"https:\/\/beade.es\/es\/axudas-a-particulares-para-correccion-de-impactos-paisaxisticos\/#breadcrumb\"},\"inLanguage\":\"es\",\"potentialAction\":[{\"@type\":\"ReadAction\",\"target\":[\"https:\/\/beade.es\/es\/axudas-a-particulares-para-correccion-de-impactos-paisaxisticos\/\"]}]},{\"@type\":\"BreadcrumbList\",\"@id\":\"https:\/\/beade.es\/es\/axudas-a-particulares-para-correccion-de-impactos-paisaxisticos\/#breadcrumb\",\"itemListElement\":[{\"@type\":\"ListItem\",\"position\":1,\"name\":\"Portada\",\"item\":\"https:\/\/beade.es\/es\/frontpage\/\"},{\"@type\":\"ListItem\",\"position\":2,\"name\":\"Ayudas a particulares para correcci\u00f3n de impactos paisaj\u00edsticos\"}]},{\"@type\":\"WebSite\",\"@id\":\"https:\/\/beade.es\/#website\",\"url\":\"https:\/\/beade.es\/\",\"name\":\"Concello de Beade\",\"description\":\"P\u00e1xina oficial do Concello de Beade\",\"publisher\":{\"@id\":\"https:\/\/beade.es\/#organization\"},\"potentialAction\":[{\"@type\":\"SearchAction\",\"target\":{\"@type\":\"EntryPoint\",\"urlTemplate\":\"https:\/\/beade.es\/?s={search_term_string}\"},\"query-input\":\"required name=search_term_string\"}],\"inLanguage\":\"es\"},{\"@type\":\"Organization\",\"@id\":\"https:\/\/beade.es\/#organization\",\"name\":\"Concello de Beade\",\"url\":\"https:\/\/beade.es\/\",\"logo\":{\"@type\":\"ImageObject\",\"inLanguage\":\"es\",\"@id\":\"https:\/\/beade.es\/#\/schema\/logo\/image\/\",\"url\":\"https:\/\/beade.es\/wp-content\/uploads\/2018\/01\/logo-beade.png\",\"contentUrl\":\"https:\/\/beade.es\/wp-content\/uploads\/2018\/01\/logo-beade.png\",\"width\":380,\"height\":110,\"caption\":\"Concello de Beade\"},\"image\":{\"@id\":\"https:\/\/beade.es\/#\/schema\/logo\/image\/\"}},{\"@type\":\"Person\",\"@id\":\"https:\/\/beade.es\/#\/schema\/person\/965c7e653fc9a4298481a6bedca766bd\",\"name\":\"Xestor Contidos\",\"image\":{\"@type\":\"ImageObject\",\"inLanguage\":\"es\",\"@id\":\"https:\/\/beade.es\/#\/schema\/person\/image\/\",\"url\":\"https:\/\/secure.gravatar.com\/avatar\/3f8d6e41ebbfe8c2ed19b505f10a08bc?s=96&d=mm&r=g\",\"contentUrl\":\"https:\/\/secure.gravatar.com\/avatar\/3f8d6e41ebbfe8c2ed19b505f10a08bc?s=96&d=mm&r=g\",\"caption\":\"Xestor Contidos\"}}]}<\/script>\n<!-- \/ Yoast SEO plugin. -->","yoast_head_json":{"title":"Ayudas a particulares para correcci\u00f3n de impactos paisaj\u00edsticos | Concello de Beade","robots":{"index":"index","follow":"follow","max-snippet":"max-snippet:-1","max-image-preview":"max-image-preview:large","max-video-preview":"max-video-preview:-1"},"canonical":"https:\/\/beade.es\/es\/axudas-a-particulares-para-correccion-de-impactos-paisaxisticos\/","og_locale":"es_ES","og_type":"article","og_title":"Ayudas a particulares para correcci\u00f3n de impactos paisaj\u00edsticos | Concello de Beade","og_description":"La presente noticia tiene por obejeto informar de la nueva convocatoria de ayudas a particulares de la Xunta de Galicia para la CORRECCI\u00d3N DE IMPACTOS PAISAJ\u00cdSTICOS (MT402A). La ayuda cubre el 70% de la inversi\u00f3n a realizar, con un m\u00e1ximo de 3.000 \u20ac por solicitud, por lo que el vecino que desee obtener esa cantidad [&hellip;]","og_url":"https:\/\/beade.es\/es\/axudas-a-particulares-para-correccion-de-impactos-paisaxisticos\/","og_site_name":"Concello de Beade","article_published_time":"2026-01-13T11:13:33+00:00","article_modified_time":"2026-01-13T11:16:20+00:00","og_image":[{"width":2560,"height":1920,"url":"https:\/\/beade.es\/wp-content\/uploads\/2026\/01\/impactospaisaxisticos.jpg","type":"image\/jpeg"}],"author":"Xestor Contidos","twitter_card":"summary_large_image","twitter_misc":{"Escrito por":"Xestor Contidos","Tiempo de lectura":"2 minutos"},"schema":{"@context":"https:\/\/schema.org","@graph":[{"@type":"Article","@id":"https:\/\/beade.es\/es\/axudas-a-particulares-para-correccion-de-impactos-paisaxisticos\/#article","isPartOf":{"@id":"https:\/\/beade.es\/es\/axudas-a-particulares-para-correccion-de-impactos-paisaxisticos\/"},"author":{"name":"Xestor Contidos","@id":"https:\/\/beade.es\/#\/schema\/person\/965c7e653fc9a4298481a6bedca766bd"},"headline":"Ayudas a particulares para correcci\u00f3n de impactos paisaj\u00edsticos","datePublished":"2026-01-13T11:13:33+00:00","dateModified":"2026-01-13T11:16:20+00:00","mainEntityOfPage":{"@id":"https:\/\/beade.es\/es\/axudas-a-particulares-para-correccion-de-impactos-paisaxisticos\/"},"wordCount":289,"publisher":{"@id":"https:\/\/beade.es\/#organization"},"articleSection":["Noticias"],"inLanguage":"es"},{"@type":"WebPage","@id":"https:\/\/beade.es\/es\/axudas-a-particulares-para-correccion-de-impactos-paisaxisticos\/","url":"https:\/\/beade.es\/es\/axudas-a-particulares-para-correccion-de-impactos-paisaxisticos\/","name":"Ayudas a particulares para correcci\u00f3n de impactos paisaj\u00edsticos | Concello de Beade","isPartOf":{"@id":"https:\/\/beade.es\/#website"},"datePublished":"2026-01-13T11:13:33+00:00","dateModified":"2026-01-13T11:16:20+00:00","breadcrumb":{"@id":"https:\/\/beade.es\/es\/axudas-a-particulares-para-correccion-de-impactos-paisaxisticos\/#breadcrumb"},"inLanguage":"es","potentialAction":[{"@type":"ReadAction","target":["https:\/\/beade.es\/es\/axudas-a-particulares-para-correccion-de-impactos-paisaxisticos\/"]}]},{"@type":"BreadcrumbList","@id":"https:\/\/beade.es\/es\/axudas-a-particulares-para-correccion-de-impactos-paisaxisticos\/#breadcrumb","itemListElement":[{"@type":"ListItem","position":1,"name":"Portada","item":"https:\/\/beade.es\/es\/frontpage\/"},{"@type":"ListItem","position":2,"name":"Ayudas a particulares para correcci\u00f3n de impactos paisaj\u00edsticos"}]},{"@type":"WebSite","@id":"https:\/\/beade.es\/#website","url":"https:\/\/beade.es\/","name":"Concello de Beade","description":"P\u00e1xina oficial do Concello de Beade","publisher":{"@id":"https:\/\/beade.es\/#organization"},"potentialAction":[{"@type":"SearchAction","target":{"@type":"EntryPoint","urlTemplate":"https:\/\/beade.es\/?s={search_term_string}"},"query-input":"required name=search_term_string"}],"inLanguage":"es"},{"@type":"Organization","@id":"https:\/\/beade.es\/#organization","name":"Concello de Beade","url":"https:\/\/beade.es\/","logo":{"@type":"ImageObject","inLanguage":"es","@id":"https:\/\/beade.es\/#\/schema\/logo\/image\/","url":"https:\/\/beade.es\/wp-content\/uploads\/2018\/01\/logo-beade.png","contentUrl":"https:\/\/beade.es\/wp-content\/uploads\/2018\/01\/logo-beade.png","width":380,"height":110,"caption":"Concello de Beade"},"image":{"@id":"https:\/\/beade.es\/#\/schema\/logo\/image\/"}},{"@type":"Person","@id":"https:\/\/beade.es\/#\/schema\/person\/965c7e653fc9a4298481a6bedca766bd","name":"Xestor Contidos","image":{"@type":"ImageObject","inLanguage":"es","@id":"https:\/\/beade.es\/#\/schema\/person\/image\/","url":"https:\/\/secure.gravatar.com\/avatar\/3f8d6e41ebbfe8c2ed19b505f10a08bc?s=96&d=mm&r=g","contentUrl":"https:\/\/secure.gravatar.com\/avatar\/3f8d6e41ebbfe8c2ed19b505f10a08bc?s=96&d=mm&r=g","caption":"Xestor Contidos"}}]}},"_links":{"self":[{"href":"https:\/\/beade.es\/es\/wp-json\/wp\/v2\/posts\/2241"}],"collection":[{"href":"https:\/\/beade.es\/es\/wp-json\/wp\/v2\/posts"}],"about":[{"href":"https:\/\/beade.es\/es\/wp-json\/wp\/v2\/types\/post"}],"author":[{"embeddable":true,"href":"https:\/\/beade.es\/es\/wp-json\/wp\/v2\/users\/2"}],"replies":[{"embeddable":true,"href":"https:\/\/beade.es\/es\/wp-json\/wp\/v2\/comments?post=2241"}],"version-history":[{"count":2,"href":"https:\/\/beade.es\/es\/wp-json\/wp\/v2\/posts\/2241\/revisions"}],"predecessor-version":[{"id":2243,"href":"https:\/\/beade.es\/es\/wp-json\/wp\/v2\/posts\/2241\/revisions\/2243"}],"wp:featuredmedia":[{"embeddable":true,"href":"https:\/\/beade.es\/es\/wp-json\/wp\/v2\/media\/2239"}],"wp:attachment":[{"href":"https:\/\/beade.es\/es\/wp-json\/wp\/v2\/media?parent=2241"}],"wp:term":[{"taxonomy":"category","embeddable":true,"href":"https:\/\/beade.es\/es\/wp-json\/wp\/v2\/categories?post=2241"},{"taxonomy":"post_tag","embeddable":true,"href":"https:\/\/beade.es\/es\/wp-json\/wp\/v2\/tags?post=2241"}],"curies":[{"name":"wp","href":"https:\/\/api.w.org\/{rel}","templated":true}]}}