{"id":2114,"date":"2025-09-22T12:46:21","date_gmt":"2025-09-22T10:46:21","guid":{"rendered":"https:\/\/beade.es\/proxecto-de-enerxia-fotovoltaica\/"},"modified":"2025-09-22T12:49:19","modified_gmt":"2025-09-22T10:49:19","slug":"proxecto-de-enerxia-fotovoltaica","status":"publish","type":"post","link":"https:\/\/beade.es\/es\/proxecto-de-enerxia-fotovoltaica\/","title":{"rendered":"Proyecto de energ\u00eda fotovoltaica"},"content":{"rendered":"<p>Por medio de la presente entrada se procede a dar publicidad a la ayuda econ\u00f3mica solicitada por el Ayuntamiento de Beade al amparo de la Resoluci\u00f3n del 7 de marzo de 2024 por la que se regulan las bases que regir\u00e1n el procedimiento de concesi\u00f3n de ayudas para la realizaci\u00f3n de proyectos de energ\u00eda fotovoltaica, para el a\u00f1o 2024, cofinanciadas por el Fondo Europeo de Desarrollo Regional en el marco del Programa Galicia FEDER 2021-2027 (DOG n\u00fam. 56 del 19\/03\/2024).<\/p>\n<p>El Ayuntamiento de Beade present\u00f3 un proyecto de instalaci\u00f3n solar fotovoltaica de autoconsumo colectivo en la cubierta del pabell\u00f3n polideportivo municipal, cuya inversi\u00f3n asciende a los 61.510,58 \u20ac (sin IVA) y para el que se concedi\u00f3 una ayuda econ\u00f3mica FEDER del 60% (44.572,77 \u20ac).<\/p>\n<p><img decoding=\"async\" loading=\"lazy\" class=\"alignnone wp-image-2111\" src=\"https:\/\/beade.es\/wp-content\/uploads\/2025\/09\/LogosFotovoltaica-480x42.png\" alt=\"\" width=\"651\" height=\"57\" srcset=\"https:\/\/beade.es\/wp-content\/uploads\/2025\/09\/LogosFotovoltaica-480x42.png 480w, https:\/\/beade.es\/wp-content\/uploads\/2025\/09\/LogosFotovoltaica.png 732w\" sizes=\"(max-width: 651px) 100vw, 651px\" \/><\/p>\n","protected":false},"excerpt":{"rendered":"<p>Por medio de la presente entrada se procede a dar publicidad a la ayuda econ\u00f3mica solicitada por el Ayuntamiento de Beade al amparo de la Resoluci\u00f3n del 7 de marzo de 2024 por la que se regulan las bases que regir\u00e1n el procedimiento de concesi\u00f3n de ayudas para la realizaci\u00f3n de proyectos de energ\u00eda fotovoltaica, [&hellip;]<\/p>\n","protected":false},"author":2,"featured_media":2110,"comment_status":"closed","ping_status":"closed","sticky":false,"template":"","format":"standard","meta":[],"categories":[24],"tags":[],"yoast_head":"<!-- This site is optimized with the Yoast SEO plugin v20.10 - https:\/\/yoast.com\/wordpress\/plugins\/seo\/ -->\n<title>Proyecto de energ\u00eda fotovoltaica | Concello de Beade<\/title>\n<meta name=\"robots\" content=\"index, follow, max-snippet:-1, max-image-preview:large, max-video-preview:-1\" \/>\n<link rel=\"canonical\" href=\"https:\/\/beade.es\/es\/proxecto-de-enerxia-fotovoltaica\/\" \/>\n<meta property=\"og:locale\" content=\"es_ES\" \/>\n<meta property=\"og:type\" content=\"article\" \/>\n<meta property=\"og:title\" content=\"Proyecto de energ\u00eda fotovoltaica | Concello de Beade\" \/>\n<meta property=\"og:description\" content=\"Por medio de la presente entrada se procede a dar publicidad a la ayuda econ\u00f3mica solicitada por el Ayuntamiento de Beade al amparo de la Resoluci\u00f3n del 7 de marzo de 2024 por la que se regulan las bases que regir\u00e1n el procedimiento de concesi\u00f3n de ayudas para la realizaci\u00f3n de proyectos de energ\u00eda fotovoltaica, [&hellip;]\" \/>\n<meta property=\"og:url\" content=\"https:\/\/beade.es\/es\/proxecto-de-enerxia-fotovoltaica\/\" \/>\n<meta property=\"og:site_name\" content=\"Concello de Beade\" \/>\n<meta property=\"article:published_time\" content=\"2025-09-22T10:46:21+00:00\" \/>\n<meta property=\"article:modified_time\" content=\"2025-09-22T10:49:19+00:00\" \/>\n<meta property=\"og:image\" content=\"https:\/\/beade.es\/wp-content\/uploads\/2025\/09\/ISF.jpg\" \/>\n\t<meta property=\"og:image:width\" content=\"1024\" \/>\n\t<meta property=\"og:image:height\" content=\"576\" \/>\n\t<meta property=\"og:image:type\" content=\"image\/jpeg\" \/>\n<meta name=\"author\" content=\"Xestor Contidos\" \/>\n<meta name=\"twitter:card\" content=\"summary_large_image\" \/>\n<meta name=\"twitter:label1\" content=\"Escrito por\" \/>\n\t<meta name=\"twitter:data1\" content=\"Xestor Contidos\" \/>\n\t<meta name=\"twitter:label2\" content=\"Tiempo de lectura\" \/>\n\t<meta name=\"twitter:data2\" content=\"1 minuto\" \/>\n<script type=\"application\/ld+json\" class=\"yoast-schema-graph\">{\"@context\":\"https:\/\/schema.org\",\"@graph\":[{\"@type\":\"Article\",\"@id\":\"https:\/\/beade.es\/es\/proxecto-de-enerxia-fotovoltaica\/#article\",\"isPartOf\":{\"@id\":\"https:\/\/beade.es\/es\/proxecto-de-enerxia-fotovoltaica\/\"},\"author\":{\"name\":\"Xestor Contidos\",\"@id\":\"https:\/\/beade.es\/#\/schema\/person\/965c7e653fc9a4298481a6bedca766bd\"},\"headline\":\"Proyecto de energ\u00eda fotovoltaica\",\"datePublished\":\"2025-09-22T10:46:21+00:00\",\"dateModified\":\"2025-09-22T10:49:19+00:00\",\"mainEntityOfPage\":{\"@id\":\"https:\/\/beade.es\/es\/proxecto-de-enerxia-fotovoltaica\/\"},\"wordCount\":131,\"publisher\":{\"@id\":\"https:\/\/beade.es\/#organization\"},\"articleSection\":[\"Noticias\"],\"inLanguage\":\"es\"},{\"@type\":\"WebPage\",\"@id\":\"https:\/\/beade.es\/es\/proxecto-de-enerxia-fotovoltaica\/\",\"url\":\"https:\/\/beade.es\/es\/proxecto-de-enerxia-fotovoltaica\/\",\"name\":\"Proyecto de energ\u00eda fotovoltaica | Concello de Beade\",\"isPartOf\":{\"@id\":\"https:\/\/beade.es\/#website\"},\"datePublished\":\"2025-09-22T10:46:21+00:00\",\"dateModified\":\"2025-09-22T10:49:19+00:00\",\"breadcrumb\":{\"@id\":\"https:\/\/beade.es\/es\/proxecto-de-enerxia-fotovoltaica\/#breadcrumb\"},\"inLanguage\":\"es\",\"potentialAction\":[{\"@type\":\"ReadAction\",\"target\":[\"https:\/\/beade.es\/es\/proxecto-de-enerxia-fotovoltaica\/\"]}]},{\"@type\":\"BreadcrumbList\",\"@id\":\"https:\/\/beade.es\/es\/proxecto-de-enerxia-fotovoltaica\/#breadcrumb\",\"itemListElement\":[{\"@type\":\"ListItem\",\"position\":1,\"name\":\"Portada\",\"item\":\"https:\/\/beade.es\/es\/frontpage\/\"},{\"@type\":\"ListItem\",\"position\":2,\"name\":\"Proyecto de energ\u00eda fotovoltaica\"}]},{\"@type\":\"WebSite\",\"@id\":\"https:\/\/beade.es\/#website\",\"url\":\"https:\/\/beade.es\/\",\"name\":\"Concello de Beade\",\"description\":\"P\u00e1xina oficial do Concello de Beade\",\"publisher\":{\"@id\":\"https:\/\/beade.es\/#organization\"},\"potentialAction\":[{\"@type\":\"SearchAction\",\"target\":{\"@type\":\"EntryPoint\",\"urlTemplate\":\"https:\/\/beade.es\/?s={search_term_string}\"},\"query-input\":\"required name=search_term_string\"}],\"inLanguage\":\"es\"},{\"@type\":\"Organization\",\"@id\":\"https:\/\/beade.es\/#organization\",\"name\":\"Concello de Beade\",\"url\":\"https:\/\/beade.es\/\",\"logo\":{\"@type\":\"ImageObject\",\"inLanguage\":\"es\",\"@id\":\"https:\/\/beade.es\/#\/schema\/logo\/image\/\",\"url\":\"https:\/\/beade.es\/wp-content\/uploads\/2018\/01\/logo-beade.png\",\"contentUrl\":\"https:\/\/beade.es\/wp-content\/uploads\/2018\/01\/logo-beade.png\",\"width\":380,\"height\":110,\"caption\":\"Concello de Beade\"},\"image\":{\"@id\":\"https:\/\/beade.es\/#\/schema\/logo\/image\/\"}},{\"@type\":\"Person\",\"@id\":\"https:\/\/beade.es\/#\/schema\/person\/965c7e653fc9a4298481a6bedca766bd\",\"name\":\"Xestor Contidos\",\"image\":{\"@type\":\"ImageObject\",\"inLanguage\":\"es\",\"@id\":\"https:\/\/beade.es\/#\/schema\/person\/image\/\",\"url\":\"https:\/\/secure.gravatar.com\/avatar\/3f8d6e41ebbfe8c2ed19b505f10a08bc?s=96&d=mm&r=g\",\"contentUrl\":\"https:\/\/secure.gravatar.com\/avatar\/3f8d6e41ebbfe8c2ed19b505f10a08bc?s=96&d=mm&r=g\",\"caption\":\"Xestor Contidos\"}}]}<\/script>\n<!-- \/ Yoast SEO plugin. -->","yoast_head_json":{"title":"Proyecto de energ\u00eda fotovoltaica | Concello de Beade","robots":{"index":"index","follow":"follow","max-snippet":"max-snippet:-1","max-image-preview":"max-image-preview:large","max-video-preview":"max-video-preview:-1"},"canonical":"https:\/\/beade.es\/es\/proxecto-de-enerxia-fotovoltaica\/","og_locale":"es_ES","og_type":"article","og_title":"Proyecto de energ\u00eda fotovoltaica | Concello de Beade","og_description":"Por medio de la presente entrada se procede a dar publicidad a la ayuda econ\u00f3mica solicitada por el Ayuntamiento de Beade al amparo de la Resoluci\u00f3n del 7 de marzo de 2024 por la que se regulan las bases que regir\u00e1n el procedimiento de concesi\u00f3n de ayudas para la realizaci\u00f3n de proyectos de energ\u00eda fotovoltaica, [&hellip;]","og_url":"https:\/\/beade.es\/es\/proxecto-de-enerxia-fotovoltaica\/","og_site_name":"Concello de Beade","article_published_time":"2025-09-22T10:46:21+00:00","article_modified_time":"2025-09-22T10:49:19+00:00","og_image":[{"width":1024,"height":576,"url":"https:\/\/beade.es\/wp-content\/uploads\/2025\/09\/ISF.jpg","type":"image\/jpeg"}],"author":"Xestor Contidos","twitter_card":"summary_large_image","twitter_misc":{"Escrito por":"Xestor Contidos","Tiempo de lectura":"1 minuto"},"schema":{"@context":"https:\/\/schema.org","@graph":[{"@type":"Article","@id":"https:\/\/beade.es\/es\/proxecto-de-enerxia-fotovoltaica\/#article","isPartOf":{"@id":"https:\/\/beade.es\/es\/proxecto-de-enerxia-fotovoltaica\/"},"author":{"name":"Xestor Contidos","@id":"https:\/\/beade.es\/#\/schema\/person\/965c7e653fc9a4298481a6bedca766bd"},"headline":"Proyecto de energ\u00eda fotovoltaica","datePublished":"2025-09-22T10:46:21+00:00","dateModified":"2025-09-22T10:49:19+00:00","mainEntityOfPage":{"@id":"https:\/\/beade.es\/es\/proxecto-de-enerxia-fotovoltaica\/"},"wordCount":131,"publisher":{"@id":"https:\/\/beade.es\/#organization"},"articleSection":["Noticias"],"inLanguage":"es"},{"@type":"WebPage","@id":"https:\/\/beade.es\/es\/proxecto-de-enerxia-fotovoltaica\/","url":"https:\/\/beade.es\/es\/proxecto-de-enerxia-fotovoltaica\/","name":"Proyecto de energ\u00eda fotovoltaica | Concello de Beade","isPartOf":{"@id":"https:\/\/beade.es\/#website"},"datePublished":"2025-09-22T10:46:21+00:00","dateModified":"2025-09-22T10:49:19+00:00","breadcrumb":{"@id":"https:\/\/beade.es\/es\/proxecto-de-enerxia-fotovoltaica\/#breadcrumb"},"inLanguage":"es","potentialAction":[{"@type":"ReadAction","target":["https:\/\/beade.es\/es\/proxecto-de-enerxia-fotovoltaica\/"]}]},{"@type":"BreadcrumbList","@id":"https:\/\/beade.es\/es\/proxecto-de-enerxia-fotovoltaica\/#breadcrumb","itemListElement":[{"@type":"ListItem","position":1,"name":"Portada","item":"https:\/\/beade.es\/es\/frontpage\/"},{"@type":"ListItem","position":2,"name":"Proyecto de energ\u00eda fotovoltaica"}]},{"@type":"WebSite","@id":"https:\/\/beade.es\/#website","url":"https:\/\/beade.es\/","name":"Concello de Beade","description":"P\u00e1xina oficial do Concello de Beade","publisher":{"@id":"https:\/\/beade.es\/#organization"},"potentialAction":[{"@type":"SearchAction","target":{"@type":"EntryPoint","urlTemplate":"https:\/\/beade.es\/?s={search_term_string}"},"query-input":"required name=search_term_string"}],"inLanguage":"es"},{"@type":"Organization","@id":"https:\/\/beade.es\/#organization","name":"Concello de Beade","url":"https:\/\/beade.es\/","logo":{"@type":"ImageObject","inLanguage":"es","@id":"https:\/\/beade.es\/#\/schema\/logo\/image\/","url":"https:\/\/beade.es\/wp-content\/uploads\/2018\/01\/logo-beade.png","contentUrl":"https:\/\/beade.es\/wp-content\/uploads\/2018\/01\/logo-beade.png","width":380,"height":110,"caption":"Concello de Beade"},"image":{"@id":"https:\/\/beade.es\/#\/schema\/logo\/image\/"}},{"@type":"Person","@id":"https:\/\/beade.es\/#\/schema\/person\/965c7e653fc9a4298481a6bedca766bd","name":"Xestor Contidos","image":{"@type":"ImageObject","inLanguage":"es","@id":"https:\/\/beade.es\/#\/schema\/person\/image\/","url":"https:\/\/secure.gravatar.com\/avatar\/3f8d6e41ebbfe8c2ed19b505f10a08bc?s=96&d=mm&r=g","contentUrl":"https:\/\/secure.gravatar.com\/avatar\/3f8d6e41ebbfe8c2ed19b505f10a08bc?s=96&d=mm&r=g","caption":"Xestor Contidos"}}]}},"_links":{"self":[{"href":"https:\/\/beade.es\/es\/wp-json\/wp\/v2\/posts\/2114"}],"collection":[{"href":"https:\/\/beade.es\/es\/wp-json\/wp\/v2\/posts"}],"about":[{"href":"https:\/\/beade.es\/es\/wp-json\/wp\/v2\/types\/post"}],"author":[{"embeddable":true,"href":"https:\/\/beade.es\/es\/wp-json\/wp\/v2\/users\/2"}],"replies":[{"embeddable":true,"href":"https:\/\/beade.es\/es\/wp-json\/wp\/v2\/comments?post=2114"}],"version-history":[{"count":2,"href":"https:\/\/beade.es\/es\/wp-json\/wp\/v2\/posts\/2114\/revisions"}],"predecessor-version":[{"id":2116,"href":"https:\/\/beade.es\/es\/wp-json\/wp\/v2\/posts\/2114\/revisions\/2116"}],"wp:featuredmedia":[{"embeddable":true,"href":"https:\/\/beade.es\/es\/wp-json\/wp\/v2\/media\/2110"}],"wp:attachment":[{"href":"https:\/\/beade.es\/es\/wp-json\/wp\/v2\/media?parent=2114"}],"wp:term":[{"taxonomy":"category","embeddable":true,"href":"https:\/\/beade.es\/es\/wp-json\/wp\/v2\/categories?post=2114"},{"taxonomy":"post_tag","embeddable":true,"href":"https:\/\/beade.es\/es\/wp-json\/wp\/v2\/tags?post=2114"}],"curies":[{"name":"wp","href":"https:\/\/api.w.org\/{rel}","templated":true}]}}