{"id":2063,"date":"2025-08-29T10:10:10","date_gmt":"2025-08-29T08:10:10","guid":{"rendered":"https:\/\/beade.es\/oficina-de-axuda-polos-incendios-forestais\/"},"modified":"2025-08-29T10:13:20","modified_gmt":"2025-08-29T08:13:20","slug":"oficina-de-axuda-polos-incendios-forestais","status":"publish","type":"post","link":"https:\/\/beade.es\/es\/oficina-de-axuda-polos-incendios-forestais\/","title":{"rendered":"Oficina de ayuda por los incendios forestales"},"content":{"rendered":"<p>Desde la Delegaci\u00f3n Territorial de la Xunta de Galicia en Ourense se informa, en el marco de las medidas impulsadas por la Xunta de Galicia para paliar los da\u00f1os derivados de los recientes incendios forestales, que se proceder\u00e1 a la instalaci\u00f3n de una oficina de atenci\u00f3n y gesti\u00f3n de estas ayudas en los alrededores de la comarca del Ribeiro, destinada a facilitar la tramitaci\u00f3n y gesti\u00f3n de las ayudas aprobadas por el Consejo de la Xunta.<\/p>\n<p>Este servicio ser\u00e1 para informaci\u00f3n, aesoramiento y tramitaci\u00f3n de las diversas ayudas aprobadas derivadas de los incendios forestales, garantizando una atenci\u00f3n pr\u00f3xima y \u00e1gil a las personas afectadas.<\/p>\n<p>La oficina se situar\u00e1 en la Oficina Agraria, en la Avenida Redondela, 3, 1\u00ba, de Ribadavia, y entrar\u00e1 en funcionamiento el lunes, d\u00eda 1 de septiembre de 2025.<\/p>\n","protected":false},"excerpt":{"rendered":"<p>Desde la Delegaci\u00f3n Territorial de la Xunta de Galicia en Ourense se informa, en el marco de las medidas impulsadas por la Xunta de Galicia para paliar los da\u00f1os derivados de los recientes incendios forestales, que se proceder\u00e1 a la instalaci\u00f3n de una oficina de atenci\u00f3n y gesti\u00f3n de estas ayudas en los alrededores de [&hellip;]<\/p>\n","protected":false},"author":2,"featured_media":2061,"comment_status":"closed","ping_status":"closed","sticky":false,"template":"","format":"standard","meta":[],"categories":[24],"tags":[],"yoast_head":"<!-- This site is optimized with the Yoast SEO plugin v20.10 - https:\/\/yoast.com\/wordpress\/plugins\/seo\/ -->\n<title>Oficina de ayuda por los incendios forestales | Concello de Beade<\/title>\n<meta name=\"robots\" content=\"index, follow, max-snippet:-1, max-image-preview:large, max-video-preview:-1\" \/>\n<link rel=\"canonical\" href=\"https:\/\/beade.es\/es\/oficina-de-axuda-polos-incendios-forestais\/\" \/>\n<meta property=\"og:locale\" content=\"es_ES\" \/>\n<meta property=\"og:type\" content=\"article\" \/>\n<meta property=\"og:title\" content=\"Oficina de ayuda por los incendios forestales | Concello de Beade\" \/>\n<meta property=\"og:description\" content=\"Desde la Delegaci\u00f3n Territorial de la Xunta de Galicia en Ourense se informa, en el marco de las medidas impulsadas por la Xunta de Galicia para paliar los da\u00f1os derivados de los recientes incendios forestales, que se proceder\u00e1 a la instalaci\u00f3n de una oficina de atenci\u00f3n y gesti\u00f3n de estas ayudas en los alrededores de [&hellip;]\" \/>\n<meta property=\"og:url\" content=\"https:\/\/beade.es\/es\/oficina-de-axuda-polos-incendios-forestais\/\" \/>\n<meta property=\"og:site_name\" content=\"Concello de Beade\" \/>\n<meta property=\"article:published_time\" content=\"2025-08-29T08:10:10+00:00\" \/>\n<meta property=\"article:modified_time\" content=\"2025-08-29T08:13:20+00:00\" \/>\n<meta property=\"og:image\" content=\"https:\/\/beade.es\/wp-content\/uploads\/2025\/08\/incendios-forestales-EFE_2024-12-12-145408_hlvv.jpg\" \/>\n\t<meta property=\"og:image:width\" content=\"2400\" \/>\n\t<meta property=\"og:image:height\" content=\"1350\" \/>\n\t<meta property=\"og:image:type\" content=\"image\/jpeg\" \/>\n<meta name=\"author\" content=\"Xestor Contidos\" \/>\n<meta name=\"twitter:card\" content=\"summary_large_image\" \/>\n<meta name=\"twitter:label1\" content=\"Escrito por\" \/>\n\t<meta name=\"twitter:data1\" content=\"Xestor Contidos\" \/>\n\t<meta name=\"twitter:label2\" content=\"Tiempo de lectura\" \/>\n\t<meta name=\"twitter:data2\" content=\"1 minuto\" \/>\n<script type=\"application\/ld+json\" class=\"yoast-schema-graph\">{\"@context\":\"https:\/\/schema.org\",\"@graph\":[{\"@type\":\"Article\",\"@id\":\"https:\/\/beade.es\/es\/oficina-de-axuda-polos-incendios-forestais\/#article\",\"isPartOf\":{\"@id\":\"https:\/\/beade.es\/es\/oficina-de-axuda-polos-incendios-forestais\/\"},\"author\":{\"name\":\"Xestor Contidos\",\"@id\":\"https:\/\/beade.es\/#\/schema\/person\/965c7e653fc9a4298481a6bedca766bd\"},\"headline\":\"Oficina de ayuda por los incendios forestales\",\"datePublished\":\"2025-08-29T08:10:10+00:00\",\"dateModified\":\"2025-08-29T08:13:20+00:00\",\"mainEntityOfPage\":{\"@id\":\"https:\/\/beade.es\/es\/oficina-de-axuda-polos-incendios-forestais\/\"},\"wordCount\":147,\"publisher\":{\"@id\":\"https:\/\/beade.es\/#organization\"},\"articleSection\":[\"Noticias\"],\"inLanguage\":\"es\"},{\"@type\":\"WebPage\",\"@id\":\"https:\/\/beade.es\/es\/oficina-de-axuda-polos-incendios-forestais\/\",\"url\":\"https:\/\/beade.es\/es\/oficina-de-axuda-polos-incendios-forestais\/\",\"name\":\"Oficina de ayuda por los incendios forestales | Concello de Beade\",\"isPartOf\":{\"@id\":\"https:\/\/beade.es\/#website\"},\"datePublished\":\"2025-08-29T08:10:10+00:00\",\"dateModified\":\"2025-08-29T08:13:20+00:00\",\"breadcrumb\":{\"@id\":\"https:\/\/beade.es\/es\/oficina-de-axuda-polos-incendios-forestais\/#breadcrumb\"},\"inLanguage\":\"es\",\"potentialAction\":[{\"@type\":\"ReadAction\",\"target\":[\"https:\/\/beade.es\/es\/oficina-de-axuda-polos-incendios-forestais\/\"]}]},{\"@type\":\"BreadcrumbList\",\"@id\":\"https:\/\/beade.es\/es\/oficina-de-axuda-polos-incendios-forestais\/#breadcrumb\",\"itemListElement\":[{\"@type\":\"ListItem\",\"position\":1,\"name\":\"Portada\",\"item\":\"https:\/\/beade.es\/es\/frontpage\/\"},{\"@type\":\"ListItem\",\"position\":2,\"name\":\"Oficina de ayuda por los incendios forestales\"}]},{\"@type\":\"WebSite\",\"@id\":\"https:\/\/beade.es\/#website\",\"url\":\"https:\/\/beade.es\/\",\"name\":\"Concello de Beade\",\"description\":\"P\u00e1xina oficial do Concello de Beade\",\"publisher\":{\"@id\":\"https:\/\/beade.es\/#organization\"},\"potentialAction\":[{\"@type\":\"SearchAction\",\"target\":{\"@type\":\"EntryPoint\",\"urlTemplate\":\"https:\/\/beade.es\/?s={search_term_string}\"},\"query-input\":\"required name=search_term_string\"}],\"inLanguage\":\"es\"},{\"@type\":\"Organization\",\"@id\":\"https:\/\/beade.es\/#organization\",\"name\":\"Concello de Beade\",\"url\":\"https:\/\/beade.es\/\",\"logo\":{\"@type\":\"ImageObject\",\"inLanguage\":\"es\",\"@id\":\"https:\/\/beade.es\/#\/schema\/logo\/image\/\",\"url\":\"https:\/\/beade.es\/wp-content\/uploads\/2018\/01\/logo-beade.png\",\"contentUrl\":\"https:\/\/beade.es\/wp-content\/uploads\/2018\/01\/logo-beade.png\",\"width\":380,\"height\":110,\"caption\":\"Concello de Beade\"},\"image\":{\"@id\":\"https:\/\/beade.es\/#\/schema\/logo\/image\/\"}},{\"@type\":\"Person\",\"@id\":\"https:\/\/beade.es\/#\/schema\/person\/965c7e653fc9a4298481a6bedca766bd\",\"name\":\"Xestor Contidos\",\"image\":{\"@type\":\"ImageObject\",\"inLanguage\":\"es\",\"@id\":\"https:\/\/beade.es\/#\/schema\/person\/image\/\",\"url\":\"https:\/\/secure.gravatar.com\/avatar\/3f8d6e41ebbfe8c2ed19b505f10a08bc?s=96&d=mm&r=g\",\"contentUrl\":\"https:\/\/secure.gravatar.com\/avatar\/3f8d6e41ebbfe8c2ed19b505f10a08bc?s=96&d=mm&r=g\",\"caption\":\"Xestor Contidos\"}}]}<\/script>\n<!-- \/ Yoast SEO plugin. -->","yoast_head_json":{"title":"Oficina de ayuda por los incendios forestales | Concello de Beade","robots":{"index":"index","follow":"follow","max-snippet":"max-snippet:-1","max-image-preview":"max-image-preview:large","max-video-preview":"max-video-preview:-1"},"canonical":"https:\/\/beade.es\/es\/oficina-de-axuda-polos-incendios-forestais\/","og_locale":"es_ES","og_type":"article","og_title":"Oficina de ayuda por los incendios forestales | Concello de Beade","og_description":"Desde la Delegaci\u00f3n Territorial de la Xunta de Galicia en Ourense se informa, en el marco de las medidas impulsadas por la Xunta de Galicia para paliar los da\u00f1os derivados de los recientes incendios forestales, que se proceder\u00e1 a la instalaci\u00f3n de una oficina de atenci\u00f3n y gesti\u00f3n de estas ayudas en los alrededores de [&hellip;]","og_url":"https:\/\/beade.es\/es\/oficina-de-axuda-polos-incendios-forestais\/","og_site_name":"Concello de Beade","article_published_time":"2025-08-29T08:10:10+00:00","article_modified_time":"2025-08-29T08:13:20+00:00","og_image":[{"width":2400,"height":1350,"url":"https:\/\/beade.es\/wp-content\/uploads\/2025\/08\/incendios-forestales-EFE_2024-12-12-145408_hlvv.jpg","type":"image\/jpeg"}],"author":"Xestor Contidos","twitter_card":"summary_large_image","twitter_misc":{"Escrito por":"Xestor Contidos","Tiempo de lectura":"1 minuto"},"schema":{"@context":"https:\/\/schema.org","@graph":[{"@type":"Article","@id":"https:\/\/beade.es\/es\/oficina-de-axuda-polos-incendios-forestais\/#article","isPartOf":{"@id":"https:\/\/beade.es\/es\/oficina-de-axuda-polos-incendios-forestais\/"},"author":{"name":"Xestor Contidos","@id":"https:\/\/beade.es\/#\/schema\/person\/965c7e653fc9a4298481a6bedca766bd"},"headline":"Oficina de ayuda por los incendios forestales","datePublished":"2025-08-29T08:10:10+00:00","dateModified":"2025-08-29T08:13:20+00:00","mainEntityOfPage":{"@id":"https:\/\/beade.es\/es\/oficina-de-axuda-polos-incendios-forestais\/"},"wordCount":147,"publisher":{"@id":"https:\/\/beade.es\/#organization"},"articleSection":["Noticias"],"inLanguage":"es"},{"@type":"WebPage","@id":"https:\/\/beade.es\/es\/oficina-de-axuda-polos-incendios-forestais\/","url":"https:\/\/beade.es\/es\/oficina-de-axuda-polos-incendios-forestais\/","name":"Oficina de ayuda por los incendios forestales | Concello de Beade","isPartOf":{"@id":"https:\/\/beade.es\/#website"},"datePublished":"2025-08-29T08:10:10+00:00","dateModified":"2025-08-29T08:13:20+00:00","breadcrumb":{"@id":"https:\/\/beade.es\/es\/oficina-de-axuda-polos-incendios-forestais\/#breadcrumb"},"inLanguage":"es","potentialAction":[{"@type":"ReadAction","target":["https:\/\/beade.es\/es\/oficina-de-axuda-polos-incendios-forestais\/"]}]},{"@type":"BreadcrumbList","@id":"https:\/\/beade.es\/es\/oficina-de-axuda-polos-incendios-forestais\/#breadcrumb","itemListElement":[{"@type":"ListItem","position":1,"name":"Portada","item":"https:\/\/beade.es\/es\/frontpage\/"},{"@type":"ListItem","position":2,"name":"Oficina de ayuda por los incendios forestales"}]},{"@type":"WebSite","@id":"https:\/\/beade.es\/#website","url":"https:\/\/beade.es\/","name":"Concello de Beade","description":"P\u00e1xina oficial do Concello de Beade","publisher":{"@id":"https:\/\/beade.es\/#organization"},"potentialAction":[{"@type":"SearchAction","target":{"@type":"EntryPoint","urlTemplate":"https:\/\/beade.es\/?s={search_term_string}"},"query-input":"required name=search_term_string"}],"inLanguage":"es"},{"@type":"Organization","@id":"https:\/\/beade.es\/#organization","name":"Concello de Beade","url":"https:\/\/beade.es\/","logo":{"@type":"ImageObject","inLanguage":"es","@id":"https:\/\/beade.es\/#\/schema\/logo\/image\/","url":"https:\/\/beade.es\/wp-content\/uploads\/2018\/01\/logo-beade.png","contentUrl":"https:\/\/beade.es\/wp-content\/uploads\/2018\/01\/logo-beade.png","width":380,"height":110,"caption":"Concello de Beade"},"image":{"@id":"https:\/\/beade.es\/#\/schema\/logo\/image\/"}},{"@type":"Person","@id":"https:\/\/beade.es\/#\/schema\/person\/965c7e653fc9a4298481a6bedca766bd","name":"Xestor Contidos","image":{"@type":"ImageObject","inLanguage":"es","@id":"https:\/\/beade.es\/#\/schema\/person\/image\/","url":"https:\/\/secure.gravatar.com\/avatar\/3f8d6e41ebbfe8c2ed19b505f10a08bc?s=96&d=mm&r=g","contentUrl":"https:\/\/secure.gravatar.com\/avatar\/3f8d6e41ebbfe8c2ed19b505f10a08bc?s=96&d=mm&r=g","caption":"Xestor Contidos"}}]}},"_links":{"self":[{"href":"https:\/\/beade.es\/es\/wp-json\/wp\/v2\/posts\/2063"}],"collection":[{"href":"https:\/\/beade.es\/es\/wp-json\/wp\/v2\/posts"}],"about":[{"href":"https:\/\/beade.es\/es\/wp-json\/wp\/v2\/types\/post"}],"author":[{"embeddable":true,"href":"https:\/\/beade.es\/es\/wp-json\/wp\/v2\/users\/2"}],"replies":[{"embeddable":true,"href":"https:\/\/beade.es\/es\/wp-json\/wp\/v2\/comments?post=2063"}],"version-history":[{"count":2,"href":"https:\/\/beade.es\/es\/wp-json\/wp\/v2\/posts\/2063\/revisions"}],"predecessor-version":[{"id":2065,"href":"https:\/\/beade.es\/es\/wp-json\/wp\/v2\/posts\/2063\/revisions\/2065"}],"wp:featuredmedia":[{"embeddable":true,"href":"https:\/\/beade.es\/es\/wp-json\/wp\/v2\/media\/2061"}],"wp:attachment":[{"href":"https:\/\/beade.es\/es\/wp-json\/wp\/v2\/media?parent=2063"}],"wp:term":[{"taxonomy":"category","embeddable":true,"href":"https:\/\/beade.es\/es\/wp-json\/wp\/v2\/categories?post=2063"},{"taxonomy":"post_tag","embeddable":true,"href":"https:\/\/beade.es\/es\/wp-json\/wp\/v2\/tags?post=2063"}],"curies":[{"name":"wp","href":"https:\/\/api.w.org\/{rel}","templated":true}]}}