{"id":2055,"date":"2025-08-26T13:51:56","date_gmt":"2025-08-26T11:51:56","guid":{"rendered":"https:\/\/beade.es\/iii-edicion-do-acto-o-vino-un-companeiro-de-vida\/"},"modified":"2025-08-26T13:55:17","modified_gmt":"2025-08-26T11:55:17","slug":"iii-edicion-do-acto-o-vino-un-companeiro-de-vida","status":"publish","type":"post","link":"https:\/\/beade.es\/es\/iii-edicion-do-acto-o-vino-un-companeiro-de-vida\/","title":{"rendered":"III edici\u00f3n del acto \u201cEl vino, un compa\u00f1ero de vida\u201d"},"content":{"rendered":"<p>El s\u00e1bado 26 de julio, a partir de las 19:00 horas, tuvo lugar en el entorno de la Iglesia del San Roque de Beade (Ourense) la III edici\u00f3n del acto \u201cEl vino, un compa\u00f1ero de vida\u201d, en el que se pudieron degustar vinos de la D.O. Ribeiro de las diversas bodegas de Beade, as\u00ed como vinagres tambi\u00e9n aut\u00f3ctonos. Adem\u00e1s, se ofrecieron variados productos gastron\u00f3micos y amenizaron el acto el humorista Pepo Suevos y las actuaciones de \u201cAmorodous\u201d y \u00abTarabelos Poetas\u00bb.<\/p>\n<p>Esta actividad cont\u00f3 con una subvenci\u00f3n del Instituto Ourensano de Desarrollo Econ\u00f3mico (Inorde) en el marco de las subvenciones para la financiaci\u00f3n de acciones de promoci\u00f3n de productos propios de Ourense realizadas por Ayuntamientos de la Provincia de Ourense durante el a\u00f1o 2025.<\/p>\n<p><img decoding=\"async\" loading=\"lazy\" class=\" wp-image-1664 aligncenter\" src=\"https:\/\/beade.es\/wp-content\/uploads\/2024\/09\/logo-INORDE-480x186.png\" alt=\"\" width=\"400\" height=\"155\" srcset=\"https:\/\/beade.es\/wp-content\/uploads\/2024\/09\/logo-INORDE-480x186.png 480w, https:\/\/beade.es\/wp-content\/uploads\/2024\/09\/logo-INORDE.png 592w\" sizes=\"(max-width: 400px) 100vw, 400px\" \/><img decoding=\"async\" loading=\"lazy\" class=\" wp-image-1669 aligncenter\" src=\"https:\/\/beade.es\/wp-content\/uploads\/2024\/06\/logo-vector-diputacion-orense-480x244-1.jpg\" alt=\"\" width=\"364\" height=\"185\" \/><\/p>\n","protected":false},"excerpt":{"rendered":"<p>El s\u00e1bado 26 de julio, a partir de las 19:00 horas, tuvo lugar en el entorno de la Iglesia del San Roque de Beade (Ourense) la III edici\u00f3n del acto \u201cEl vino, un compa\u00f1ero de vida\u201d, en el que se pudieron degustar vinos de la D.O. Ribeiro de las diversas bodegas de Beade, as\u00ed como [&hellip;]<\/p>\n","protected":false},"author":2,"featured_media":2053,"comment_status":"closed","ping_status":"closed","sticky":false,"template":"","format":"standard","meta":[],"categories":[24],"tags":[],"yoast_head":"<!-- This site is optimized with the Yoast SEO plugin v20.10 - https:\/\/yoast.com\/wordpress\/plugins\/seo\/ -->\n<title>III edici\u00f3n del acto \u201cEl vino, un compa\u00f1ero de vida\u201d | Concello de Beade<\/title>\n<meta name=\"robots\" content=\"index, follow, max-snippet:-1, max-image-preview:large, max-video-preview:-1\" \/>\n<link rel=\"canonical\" href=\"https:\/\/beade.es\/es\/iii-edicion-do-acto-o-vino-un-companeiro-de-vida\/\" \/>\n<meta property=\"og:locale\" content=\"es_ES\" \/>\n<meta property=\"og:type\" content=\"article\" \/>\n<meta property=\"og:title\" content=\"III edici\u00f3n del acto \u201cEl vino, un compa\u00f1ero de vida\u201d | Concello de Beade\" \/>\n<meta property=\"og:description\" content=\"El s\u00e1bado 26 de julio, a partir de las 19:00 horas, tuvo lugar en el entorno de la Iglesia del San Roque de Beade (Ourense) la III edici\u00f3n del acto \u201cEl vino, un compa\u00f1ero de vida\u201d, en el que se pudieron degustar vinos de la D.O. Ribeiro de las diversas bodegas de Beade, as\u00ed como [&hellip;]\" \/>\n<meta property=\"og:url\" content=\"https:\/\/beade.es\/es\/iii-edicion-do-acto-o-vino-un-companeiro-de-vida\/\" \/>\n<meta property=\"og:site_name\" content=\"Concello de Beade\" \/>\n<meta property=\"article:published_time\" content=\"2025-08-26T11:51:56+00:00\" \/>\n<meta property=\"article:modified_time\" content=\"2025-08-26T11:55:17+00:00\" \/>\n<meta property=\"og:image\" content=\"https:\/\/beade.es\/wp-content\/uploads\/2025\/08\/Cartel-2025-con-actuaciones-724x1024.jpg\" \/>\n\t<meta property=\"og:image:width\" content=\"724\" \/>\n\t<meta property=\"og:image:height\" content=\"1024\" \/>\n\t<meta property=\"og:image:type\" content=\"image\/jpeg\" \/>\n<meta name=\"author\" content=\"Xestor Contidos\" \/>\n<meta name=\"twitter:card\" content=\"summary_large_image\" \/>\n<meta name=\"twitter:label1\" content=\"Escrito por\" \/>\n\t<meta name=\"twitter:data1\" content=\"Xestor Contidos\" \/>\n\t<meta name=\"twitter:label2\" content=\"Tiempo de lectura\" \/>\n\t<meta name=\"twitter:data2\" content=\"2 minutos\" \/>\n<script type=\"application\/ld+json\" class=\"yoast-schema-graph\">{\"@context\":\"https:\/\/schema.org\",\"@graph\":[{\"@type\":\"Article\",\"@id\":\"https:\/\/beade.es\/es\/iii-edicion-do-acto-o-vino-un-companeiro-de-vida\/#article\",\"isPartOf\":{\"@id\":\"https:\/\/beade.es\/es\/iii-edicion-do-acto-o-vino-un-companeiro-de-vida\/\"},\"author\":{\"name\":\"Xestor Contidos\",\"@id\":\"https:\/\/beade.es\/#\/schema\/person\/965c7e653fc9a4298481a6bedca766bd\"},\"headline\":\"III edici\u00f3n del acto \u201cEl vino, un compa\u00f1ero de vida\u201d\",\"datePublished\":\"2025-08-26T11:51:56+00:00\",\"dateModified\":\"2025-08-26T11:55:17+00:00\",\"mainEntityOfPage\":{\"@id\":\"https:\/\/beade.es\/es\/iii-edicion-do-acto-o-vino-un-companeiro-de-vida\/\"},\"wordCount\":145,\"publisher\":{\"@id\":\"https:\/\/beade.es\/#organization\"},\"articleSection\":[\"Noticias\"],\"inLanguage\":\"es\"},{\"@type\":\"WebPage\",\"@id\":\"https:\/\/beade.es\/es\/iii-edicion-do-acto-o-vino-un-companeiro-de-vida\/\",\"url\":\"https:\/\/beade.es\/es\/iii-edicion-do-acto-o-vino-un-companeiro-de-vida\/\",\"name\":\"III edici\u00f3n del acto \u201cEl vino, un compa\u00f1ero de vida\u201d | Concello de Beade\",\"isPartOf\":{\"@id\":\"https:\/\/beade.es\/#website\"},\"datePublished\":\"2025-08-26T11:51:56+00:00\",\"dateModified\":\"2025-08-26T11:55:17+00:00\",\"breadcrumb\":{\"@id\":\"https:\/\/beade.es\/es\/iii-edicion-do-acto-o-vino-un-companeiro-de-vida\/#breadcrumb\"},\"inLanguage\":\"es\",\"potentialAction\":[{\"@type\":\"ReadAction\",\"target\":[\"https:\/\/beade.es\/es\/iii-edicion-do-acto-o-vino-un-companeiro-de-vida\/\"]}]},{\"@type\":\"BreadcrumbList\",\"@id\":\"https:\/\/beade.es\/es\/iii-edicion-do-acto-o-vino-un-companeiro-de-vida\/#breadcrumb\",\"itemListElement\":[{\"@type\":\"ListItem\",\"position\":1,\"name\":\"Portada\",\"item\":\"https:\/\/beade.es\/es\/frontpage\/\"},{\"@type\":\"ListItem\",\"position\":2,\"name\":\"III edici\u00f3n del acto \u201cEl vino, un compa\u00f1ero de vida\u201d\"}]},{\"@type\":\"WebSite\",\"@id\":\"https:\/\/beade.es\/#website\",\"url\":\"https:\/\/beade.es\/\",\"name\":\"Concello de Beade\",\"description\":\"P\u00e1xina oficial do Concello de Beade\",\"publisher\":{\"@id\":\"https:\/\/beade.es\/#organization\"},\"potentialAction\":[{\"@type\":\"SearchAction\",\"target\":{\"@type\":\"EntryPoint\",\"urlTemplate\":\"https:\/\/beade.es\/?s={search_term_string}\"},\"query-input\":\"required name=search_term_string\"}],\"inLanguage\":\"es\"},{\"@type\":\"Organization\",\"@id\":\"https:\/\/beade.es\/#organization\",\"name\":\"Concello de Beade\",\"url\":\"https:\/\/beade.es\/\",\"logo\":{\"@type\":\"ImageObject\",\"inLanguage\":\"es\",\"@id\":\"https:\/\/beade.es\/#\/schema\/logo\/image\/\",\"url\":\"https:\/\/beade.es\/wp-content\/uploads\/2018\/01\/logo-beade.png\",\"contentUrl\":\"https:\/\/beade.es\/wp-content\/uploads\/2018\/01\/logo-beade.png\",\"width\":380,\"height\":110,\"caption\":\"Concello de Beade\"},\"image\":{\"@id\":\"https:\/\/beade.es\/#\/schema\/logo\/image\/\"}},{\"@type\":\"Person\",\"@id\":\"https:\/\/beade.es\/#\/schema\/person\/965c7e653fc9a4298481a6bedca766bd\",\"name\":\"Xestor Contidos\",\"image\":{\"@type\":\"ImageObject\",\"inLanguage\":\"es\",\"@id\":\"https:\/\/beade.es\/#\/schema\/person\/image\/\",\"url\":\"https:\/\/secure.gravatar.com\/avatar\/3f8d6e41ebbfe8c2ed19b505f10a08bc?s=96&d=mm&r=g\",\"contentUrl\":\"https:\/\/secure.gravatar.com\/avatar\/3f8d6e41ebbfe8c2ed19b505f10a08bc?s=96&d=mm&r=g\",\"caption\":\"Xestor Contidos\"}}]}<\/script>\n<!-- \/ Yoast SEO plugin. -->","yoast_head_json":{"title":"III edici\u00f3n del acto \u201cEl vino, un compa\u00f1ero de vida\u201d | Concello de Beade","robots":{"index":"index","follow":"follow","max-snippet":"max-snippet:-1","max-image-preview":"max-image-preview:large","max-video-preview":"max-video-preview:-1"},"canonical":"https:\/\/beade.es\/es\/iii-edicion-do-acto-o-vino-un-companeiro-de-vida\/","og_locale":"es_ES","og_type":"article","og_title":"III edici\u00f3n del acto \u201cEl vino, un compa\u00f1ero de vida\u201d | Concello de Beade","og_description":"El s\u00e1bado 26 de julio, a partir de las 19:00 horas, tuvo lugar en el entorno de la Iglesia del San Roque de Beade (Ourense) la III edici\u00f3n del acto \u201cEl vino, un compa\u00f1ero de vida\u201d, en el que se pudieron degustar vinos de la D.O. Ribeiro de las diversas bodegas de Beade, as\u00ed como [&hellip;]","og_url":"https:\/\/beade.es\/es\/iii-edicion-do-acto-o-vino-un-companeiro-de-vida\/","og_site_name":"Concello de Beade","article_published_time":"2025-08-26T11:51:56+00:00","article_modified_time":"2025-08-26T11:55:17+00:00","og_image":[{"width":724,"height":1024,"url":"https:\/\/beade.es\/wp-content\/uploads\/2025\/08\/Cartel-2025-con-actuaciones-724x1024.jpg","type":"image\/jpeg"}],"author":"Xestor Contidos","twitter_card":"summary_large_image","twitter_misc":{"Escrito por":"Xestor Contidos","Tiempo de lectura":"2 minutos"},"schema":{"@context":"https:\/\/schema.org","@graph":[{"@type":"Article","@id":"https:\/\/beade.es\/es\/iii-edicion-do-acto-o-vino-un-companeiro-de-vida\/#article","isPartOf":{"@id":"https:\/\/beade.es\/es\/iii-edicion-do-acto-o-vino-un-companeiro-de-vida\/"},"author":{"name":"Xestor Contidos","@id":"https:\/\/beade.es\/#\/schema\/person\/965c7e653fc9a4298481a6bedca766bd"},"headline":"III edici\u00f3n del acto \u201cEl vino, un compa\u00f1ero de vida\u201d","datePublished":"2025-08-26T11:51:56+00:00","dateModified":"2025-08-26T11:55:17+00:00","mainEntityOfPage":{"@id":"https:\/\/beade.es\/es\/iii-edicion-do-acto-o-vino-un-companeiro-de-vida\/"},"wordCount":145,"publisher":{"@id":"https:\/\/beade.es\/#organization"},"articleSection":["Noticias"],"inLanguage":"es"},{"@type":"WebPage","@id":"https:\/\/beade.es\/es\/iii-edicion-do-acto-o-vino-un-companeiro-de-vida\/","url":"https:\/\/beade.es\/es\/iii-edicion-do-acto-o-vino-un-companeiro-de-vida\/","name":"III edici\u00f3n del acto \u201cEl vino, un compa\u00f1ero de vida\u201d | Concello de Beade","isPartOf":{"@id":"https:\/\/beade.es\/#website"},"datePublished":"2025-08-26T11:51:56+00:00","dateModified":"2025-08-26T11:55:17+00:00","breadcrumb":{"@id":"https:\/\/beade.es\/es\/iii-edicion-do-acto-o-vino-un-companeiro-de-vida\/#breadcrumb"},"inLanguage":"es","potentialAction":[{"@type":"ReadAction","target":["https:\/\/beade.es\/es\/iii-edicion-do-acto-o-vino-un-companeiro-de-vida\/"]}]},{"@type":"BreadcrumbList","@id":"https:\/\/beade.es\/es\/iii-edicion-do-acto-o-vino-un-companeiro-de-vida\/#breadcrumb","itemListElement":[{"@type":"ListItem","position":1,"name":"Portada","item":"https:\/\/beade.es\/es\/frontpage\/"},{"@type":"ListItem","position":2,"name":"III edici\u00f3n del acto \u201cEl vino, un compa\u00f1ero de vida\u201d"}]},{"@type":"WebSite","@id":"https:\/\/beade.es\/#website","url":"https:\/\/beade.es\/","name":"Concello de Beade","description":"P\u00e1xina oficial do Concello de Beade","publisher":{"@id":"https:\/\/beade.es\/#organization"},"potentialAction":[{"@type":"SearchAction","target":{"@type":"EntryPoint","urlTemplate":"https:\/\/beade.es\/?s={search_term_string}"},"query-input":"required name=search_term_string"}],"inLanguage":"es"},{"@type":"Organization","@id":"https:\/\/beade.es\/#organization","name":"Concello de Beade","url":"https:\/\/beade.es\/","logo":{"@type":"ImageObject","inLanguage":"es","@id":"https:\/\/beade.es\/#\/schema\/logo\/image\/","url":"https:\/\/beade.es\/wp-content\/uploads\/2018\/01\/logo-beade.png","contentUrl":"https:\/\/beade.es\/wp-content\/uploads\/2018\/01\/logo-beade.png","width":380,"height":110,"caption":"Concello de Beade"},"image":{"@id":"https:\/\/beade.es\/#\/schema\/logo\/image\/"}},{"@type":"Person","@id":"https:\/\/beade.es\/#\/schema\/person\/965c7e653fc9a4298481a6bedca766bd","name":"Xestor Contidos","image":{"@type":"ImageObject","inLanguage":"es","@id":"https:\/\/beade.es\/#\/schema\/person\/image\/","url":"https:\/\/secure.gravatar.com\/avatar\/3f8d6e41ebbfe8c2ed19b505f10a08bc?s=96&d=mm&r=g","contentUrl":"https:\/\/secure.gravatar.com\/avatar\/3f8d6e41ebbfe8c2ed19b505f10a08bc?s=96&d=mm&r=g","caption":"Xestor Contidos"}}]}},"_links":{"self":[{"href":"https:\/\/beade.es\/es\/wp-json\/wp\/v2\/posts\/2055"}],"collection":[{"href":"https:\/\/beade.es\/es\/wp-json\/wp\/v2\/posts"}],"about":[{"href":"https:\/\/beade.es\/es\/wp-json\/wp\/v2\/types\/post"}],"author":[{"embeddable":true,"href":"https:\/\/beade.es\/es\/wp-json\/wp\/v2\/users\/2"}],"replies":[{"embeddable":true,"href":"https:\/\/beade.es\/es\/wp-json\/wp\/v2\/comments?post=2055"}],"version-history":[{"count":3,"href":"https:\/\/beade.es\/es\/wp-json\/wp\/v2\/posts\/2055\/revisions"}],"predecessor-version":[{"id":2058,"href":"https:\/\/beade.es\/es\/wp-json\/wp\/v2\/posts\/2055\/revisions\/2058"}],"wp:featuredmedia":[{"embeddable":true,"href":"https:\/\/beade.es\/es\/wp-json\/wp\/v2\/media\/2053"}],"wp:attachment":[{"href":"https:\/\/beade.es\/es\/wp-json\/wp\/v2\/media?parent=2055"}],"wp:term":[{"taxonomy":"category","embeddable":true,"href":"https:\/\/beade.es\/es\/wp-json\/wp\/v2\/categories?post=2055"},{"taxonomy":"post_tag","embeddable":true,"href":"https:\/\/beade.es\/es\/wp-json\/wp\/v2\/tags?post=2055"}],"curies":[{"name":"wp","href":"https:\/\/api.w.org\/{rel}","templated":true}]}}