{"id":1891,"date":"2025-04-15T14:25:07","date_gmt":"2025-04-15T12:25:07","guid":{"rendered":"https:\/\/beade.es\/programa-de-compostaxe-domestica\/"},"modified":"2025-04-15T14:26:18","modified_gmt":"2025-04-15T12:26:18","slug":"programa-de-compostaxe-domestica","status":"publish","type":"post","link":"https:\/\/beade.es\/es\/programa-de-compostaxe-domestica\/","title":{"rendered":"Programa de compostaje dom\u00e9stico"},"content":{"rendered":"<p>Se informa que el Ayuntamiento de Beade, en colaboraci\u00f3n con Sogama, acaba de ampliar el programa de compostaje dom\u00e9stico. Se trata de la cesi\u00f3n de 25 composteros entregados por Sogama, que tienen como finalidad extender las pr\u00e1cticas de autocomopostaje a distintas viviendas unifamiliares del municipio de cara a lograr una gesti\u00f3n m\u00e1s sostenible de la basura.<\/p>\n<p>Toda persona interesada deber\u00e1 pasar por las dependencias municipales para proceder a la retirada de los mismos.<\/p>\n","protected":false},"excerpt":{"rendered":"<p>Se informa que el Ayuntamiento de Beade, en colaboraci\u00f3n con Sogama, acaba de ampliar el programa de compostaje dom\u00e9stico. Se trata de la cesi\u00f3n de 25 composteros entregados por Sogama, que tienen como finalidad extender las pr\u00e1cticas de autocomopostaje a distintas viviendas unifamiliares del municipio de cara a lograr una gesti\u00f3n m\u00e1s sostenible de la [&hellip;]<\/p>\n","protected":false},"author":2,"featured_media":1889,"comment_status":"closed","ping_status":"closed","sticky":false,"template":"","format":"standard","meta":[],"categories":[24],"tags":[],"yoast_head":"<!-- This site is optimized with the Yoast SEO plugin v20.10 - https:\/\/yoast.com\/wordpress\/plugins\/seo\/ -->\n<title>Programa de compostaje dom\u00e9stico | Concello de Beade<\/title>\n<meta name=\"robots\" content=\"index, follow, max-snippet:-1, max-image-preview:large, max-video-preview:-1\" \/>\n<link rel=\"canonical\" href=\"https:\/\/beade.es\/es\/programa-de-compostaxe-domestica\/\" \/>\n<meta property=\"og:locale\" content=\"es_ES\" \/>\n<meta property=\"og:type\" content=\"article\" \/>\n<meta property=\"og:title\" content=\"Programa de compostaje dom\u00e9stico | Concello de Beade\" \/>\n<meta property=\"og:description\" content=\"Se informa que el Ayuntamiento de Beade, en colaboraci\u00f3n con Sogama, acaba de ampliar el programa de compostaje dom\u00e9stico. Se trata de la cesi\u00f3n de 25 composteros entregados por Sogama, que tienen como finalidad extender las pr\u00e1cticas de autocomopostaje a distintas viviendas unifamiliares del municipio de cara a lograr una gesti\u00f3n m\u00e1s sostenible de la [&hellip;]\" \/>\n<meta property=\"og:url\" content=\"https:\/\/beade.es\/es\/programa-de-compostaxe-domestica\/\" \/>\n<meta property=\"og:site_name\" content=\"Concello de Beade\" \/>\n<meta property=\"article:published_time\" content=\"2025-04-15T12:25:07+00:00\" \/>\n<meta property=\"article:modified_time\" content=\"2025-04-15T12:26:18+00:00\" \/>\n<meta property=\"og:image\" content=\"https:\/\/beade.es\/wp-content\/uploads\/2025\/04\/compostaje-sogama.jpg\" \/>\n\t<meta property=\"og:image:width\" content=\"830\" \/>\n\t<meta property=\"og:image:height\" content=\"455\" \/>\n\t<meta property=\"og:image:type\" content=\"image\/jpeg\" \/>\n<meta name=\"author\" content=\"Xestor Contidos\" \/>\n<meta name=\"twitter:card\" content=\"summary_large_image\" \/>\n<meta name=\"twitter:label1\" content=\"Escrito por\" \/>\n\t<meta name=\"twitter:data1\" content=\"Xestor Contidos\" \/>\n\t<meta name=\"twitter:label2\" content=\"Tiempo de lectura\" \/>\n\t<meta name=\"twitter:data2\" content=\"1 minuto\" \/>\n<script type=\"application\/ld+json\" class=\"yoast-schema-graph\">{\"@context\":\"https:\/\/schema.org\",\"@graph\":[{\"@type\":\"Article\",\"@id\":\"https:\/\/beade.es\/es\/programa-de-compostaxe-domestica\/#article\",\"isPartOf\":{\"@id\":\"https:\/\/beade.es\/es\/programa-de-compostaxe-domestica\/\"},\"author\":{\"name\":\"Xestor Contidos\",\"@id\":\"https:\/\/beade.es\/#\/schema\/person\/965c7e653fc9a4298481a6bedca766bd\"},\"headline\":\"Programa de compostaje dom\u00e9stico\",\"datePublished\":\"2025-04-15T12:25:07+00:00\",\"dateModified\":\"2025-04-15T12:26:18+00:00\",\"mainEntityOfPage\":{\"@id\":\"https:\/\/beade.es\/es\/programa-de-compostaxe-domestica\/\"},\"wordCount\":83,\"publisher\":{\"@id\":\"https:\/\/beade.es\/#organization\"},\"articleSection\":[\"Noticias\"],\"inLanguage\":\"es\"},{\"@type\":\"WebPage\",\"@id\":\"https:\/\/beade.es\/es\/programa-de-compostaxe-domestica\/\",\"url\":\"https:\/\/beade.es\/es\/programa-de-compostaxe-domestica\/\",\"name\":\"Programa de compostaje dom\u00e9stico | Concello de Beade\",\"isPartOf\":{\"@id\":\"https:\/\/beade.es\/#website\"},\"datePublished\":\"2025-04-15T12:25:07+00:00\",\"dateModified\":\"2025-04-15T12:26:18+00:00\",\"breadcrumb\":{\"@id\":\"https:\/\/beade.es\/es\/programa-de-compostaxe-domestica\/#breadcrumb\"},\"inLanguage\":\"es\",\"potentialAction\":[{\"@type\":\"ReadAction\",\"target\":[\"https:\/\/beade.es\/es\/programa-de-compostaxe-domestica\/\"]}]},{\"@type\":\"BreadcrumbList\",\"@id\":\"https:\/\/beade.es\/es\/programa-de-compostaxe-domestica\/#breadcrumb\",\"itemListElement\":[{\"@type\":\"ListItem\",\"position\":1,\"name\":\"Portada\",\"item\":\"https:\/\/beade.es\/es\/frontpage\/\"},{\"@type\":\"ListItem\",\"position\":2,\"name\":\"Programa de compostaje dom\u00e9stico\"}]},{\"@type\":\"WebSite\",\"@id\":\"https:\/\/beade.es\/#website\",\"url\":\"https:\/\/beade.es\/\",\"name\":\"Concello de Beade\",\"description\":\"P\u00e1xina oficial do Concello de Beade\",\"publisher\":{\"@id\":\"https:\/\/beade.es\/#organization\"},\"potentialAction\":[{\"@type\":\"SearchAction\",\"target\":{\"@type\":\"EntryPoint\",\"urlTemplate\":\"https:\/\/beade.es\/?s={search_term_string}\"},\"query-input\":\"required name=search_term_string\"}],\"inLanguage\":\"es\"},{\"@type\":\"Organization\",\"@id\":\"https:\/\/beade.es\/#organization\",\"name\":\"Concello de Beade\",\"url\":\"https:\/\/beade.es\/\",\"logo\":{\"@type\":\"ImageObject\",\"inLanguage\":\"es\",\"@id\":\"https:\/\/beade.es\/#\/schema\/logo\/image\/\",\"url\":\"https:\/\/beade.es\/wp-content\/uploads\/2018\/01\/logo-beade.png\",\"contentUrl\":\"https:\/\/beade.es\/wp-content\/uploads\/2018\/01\/logo-beade.png\",\"width\":380,\"height\":110,\"caption\":\"Concello de Beade\"},\"image\":{\"@id\":\"https:\/\/beade.es\/#\/schema\/logo\/image\/\"}},{\"@type\":\"Person\",\"@id\":\"https:\/\/beade.es\/#\/schema\/person\/965c7e653fc9a4298481a6bedca766bd\",\"name\":\"Xestor Contidos\",\"image\":{\"@type\":\"ImageObject\",\"inLanguage\":\"es\",\"@id\":\"https:\/\/beade.es\/#\/schema\/person\/image\/\",\"url\":\"https:\/\/secure.gravatar.com\/avatar\/3f8d6e41ebbfe8c2ed19b505f10a08bc?s=96&d=mm&r=g\",\"contentUrl\":\"https:\/\/secure.gravatar.com\/avatar\/3f8d6e41ebbfe8c2ed19b505f10a08bc?s=96&d=mm&r=g\",\"caption\":\"Xestor Contidos\"}}]}<\/script>\n<!-- \/ Yoast SEO plugin. -->","yoast_head_json":{"title":"Programa de compostaje dom\u00e9stico | Concello de Beade","robots":{"index":"index","follow":"follow","max-snippet":"max-snippet:-1","max-image-preview":"max-image-preview:large","max-video-preview":"max-video-preview:-1"},"canonical":"https:\/\/beade.es\/es\/programa-de-compostaxe-domestica\/","og_locale":"es_ES","og_type":"article","og_title":"Programa de compostaje dom\u00e9stico | Concello de Beade","og_description":"Se informa que el Ayuntamiento de Beade, en colaboraci\u00f3n con Sogama, acaba de ampliar el programa de compostaje dom\u00e9stico. Se trata de la cesi\u00f3n de 25 composteros entregados por Sogama, que tienen como finalidad extender las pr\u00e1cticas de autocomopostaje a distintas viviendas unifamiliares del municipio de cara a lograr una gesti\u00f3n m\u00e1s sostenible de la [&hellip;]","og_url":"https:\/\/beade.es\/es\/programa-de-compostaxe-domestica\/","og_site_name":"Concello de Beade","article_published_time":"2025-04-15T12:25:07+00:00","article_modified_time":"2025-04-15T12:26:18+00:00","og_image":[{"width":830,"height":455,"url":"https:\/\/beade.es\/wp-content\/uploads\/2025\/04\/compostaje-sogama.jpg","type":"image\/jpeg"}],"author":"Xestor Contidos","twitter_card":"summary_large_image","twitter_misc":{"Escrito por":"Xestor Contidos","Tiempo de lectura":"1 minuto"},"schema":{"@context":"https:\/\/schema.org","@graph":[{"@type":"Article","@id":"https:\/\/beade.es\/es\/programa-de-compostaxe-domestica\/#article","isPartOf":{"@id":"https:\/\/beade.es\/es\/programa-de-compostaxe-domestica\/"},"author":{"name":"Xestor Contidos","@id":"https:\/\/beade.es\/#\/schema\/person\/965c7e653fc9a4298481a6bedca766bd"},"headline":"Programa de compostaje dom\u00e9stico","datePublished":"2025-04-15T12:25:07+00:00","dateModified":"2025-04-15T12:26:18+00:00","mainEntityOfPage":{"@id":"https:\/\/beade.es\/es\/programa-de-compostaxe-domestica\/"},"wordCount":83,"publisher":{"@id":"https:\/\/beade.es\/#organization"},"articleSection":["Noticias"],"inLanguage":"es"},{"@type":"WebPage","@id":"https:\/\/beade.es\/es\/programa-de-compostaxe-domestica\/","url":"https:\/\/beade.es\/es\/programa-de-compostaxe-domestica\/","name":"Programa de compostaje dom\u00e9stico | Concello de Beade","isPartOf":{"@id":"https:\/\/beade.es\/#website"},"datePublished":"2025-04-15T12:25:07+00:00","dateModified":"2025-04-15T12:26:18+00:00","breadcrumb":{"@id":"https:\/\/beade.es\/es\/programa-de-compostaxe-domestica\/#breadcrumb"},"inLanguage":"es","potentialAction":[{"@type":"ReadAction","target":["https:\/\/beade.es\/es\/programa-de-compostaxe-domestica\/"]}]},{"@type":"BreadcrumbList","@id":"https:\/\/beade.es\/es\/programa-de-compostaxe-domestica\/#breadcrumb","itemListElement":[{"@type":"ListItem","position":1,"name":"Portada","item":"https:\/\/beade.es\/es\/frontpage\/"},{"@type":"ListItem","position":2,"name":"Programa de compostaje dom\u00e9stico"}]},{"@type":"WebSite","@id":"https:\/\/beade.es\/#website","url":"https:\/\/beade.es\/","name":"Concello de Beade","description":"P\u00e1xina oficial do Concello de Beade","publisher":{"@id":"https:\/\/beade.es\/#organization"},"potentialAction":[{"@type":"SearchAction","target":{"@type":"EntryPoint","urlTemplate":"https:\/\/beade.es\/?s={search_term_string}"},"query-input":"required name=search_term_string"}],"inLanguage":"es"},{"@type":"Organization","@id":"https:\/\/beade.es\/#organization","name":"Concello de Beade","url":"https:\/\/beade.es\/","logo":{"@type":"ImageObject","inLanguage":"es","@id":"https:\/\/beade.es\/#\/schema\/logo\/image\/","url":"https:\/\/beade.es\/wp-content\/uploads\/2018\/01\/logo-beade.png","contentUrl":"https:\/\/beade.es\/wp-content\/uploads\/2018\/01\/logo-beade.png","width":380,"height":110,"caption":"Concello de Beade"},"image":{"@id":"https:\/\/beade.es\/#\/schema\/logo\/image\/"}},{"@type":"Person","@id":"https:\/\/beade.es\/#\/schema\/person\/965c7e653fc9a4298481a6bedca766bd","name":"Xestor Contidos","image":{"@type":"ImageObject","inLanguage":"es","@id":"https:\/\/beade.es\/#\/schema\/person\/image\/","url":"https:\/\/secure.gravatar.com\/avatar\/3f8d6e41ebbfe8c2ed19b505f10a08bc?s=96&d=mm&r=g","contentUrl":"https:\/\/secure.gravatar.com\/avatar\/3f8d6e41ebbfe8c2ed19b505f10a08bc?s=96&d=mm&r=g","caption":"Xestor Contidos"}}]}},"_links":{"self":[{"href":"https:\/\/beade.es\/es\/wp-json\/wp\/v2\/posts\/1891"}],"collection":[{"href":"https:\/\/beade.es\/es\/wp-json\/wp\/v2\/posts"}],"about":[{"href":"https:\/\/beade.es\/es\/wp-json\/wp\/v2\/types\/post"}],"author":[{"embeddable":true,"href":"https:\/\/beade.es\/es\/wp-json\/wp\/v2\/users\/2"}],"replies":[{"embeddable":true,"href":"https:\/\/beade.es\/es\/wp-json\/wp\/v2\/comments?post=1891"}],"version-history":[{"count":1,"href":"https:\/\/beade.es\/es\/wp-json\/wp\/v2\/posts\/1891\/revisions"}],"predecessor-version":[{"id":1892,"href":"https:\/\/beade.es\/es\/wp-json\/wp\/v2\/posts\/1891\/revisions\/1892"}],"wp:featuredmedia":[{"embeddable":true,"href":"https:\/\/beade.es\/es\/wp-json\/wp\/v2\/media\/1889"}],"wp:attachment":[{"href":"https:\/\/beade.es\/es\/wp-json\/wp\/v2\/media?parent=1891"}],"wp:term":[{"taxonomy":"category","embeddable":true,"href":"https:\/\/beade.es\/es\/wp-json\/wp\/v2\/categories?post=1891"},{"taxonomy":"post_tag","embeddable":true,"href":"https:\/\/beade.es\/es\/wp-json\/wp\/v2\/tags?post=1891"}],"curies":[{"name":"wp","href":"https:\/\/api.w.org\/{rel}","templated":true}]}}