{"id":1696,"date":"2024-09-26T09:50:15","date_gmt":"2024-09-26T07:50:15","guid":{"rendered":"https:\/\/beade.es\/programa-de-mobilidade-do-centro-dramatico-galego\/"},"modified":"2024-09-26T09:51:43","modified_gmt":"2024-09-26T07:51:43","slug":"programa-de-mobilidade-do-centro-dramatico-galego","status":"publish","type":"post","link":"https:\/\/beade.es\/es\/programa-de-mobilidade-do-centro-dramatico-galego\/","title":{"rendered":"Programa de Movilidad del Centro Dram\u00e1tico Gallego"},"content":{"rendered":"<p>Se facilita informaci\u00f3n relativa al Programa de Movilidad del Centro Dram\u00e1tico Gallego, a trav\u00e9s del cual el vecindario de Beade podr\u00e1 acudir a la obra \u00abTercer Acto\u00bb el pr\u00f3ximo d\u00eda 17 de octubre. La actuaci\u00f3n tendr\u00e1 lugar en el Sal\u00f3n Teatro de Santiago de Compostela, por lo que se programar\u00e1 un autob\u00fas con hora de salida a las 15:50, desde la Casa Consistorial, y con retorno al mismo lugar una vez finalizada la funci\u00f3n. El precio de la entrada es de 5 \u20ac.<\/p>\n<p>Para m\u00e1s informaci\u00f3n, se adjunta cartel en pdf pulsando <a href=\"https:\/\/beade.es\/wp-content\/uploads\/2024\/09\/Beade-teatro.pdf\">aqu\u00ed<\/a>.<\/p>\n","protected":false},"excerpt":{"rendered":"<p>Se facilita informaci\u00f3n relativa al Programa de Movilidad del Centro Dram\u00e1tico Gallego, a trav\u00e9s del cual el vecindario de Beade podr\u00e1 acudir a la obra \u00abTercer Acto\u00bb el pr\u00f3ximo d\u00eda 17 de octubre. La actuaci\u00f3n tendr\u00e1 lugar en el Sal\u00f3n Teatro de Santiago de Compostela, por lo que se programar\u00e1 un autob\u00fas con hora de [&hellip;]<\/p>\n","protected":false},"author":2,"featured_media":1694,"comment_status":"closed","ping_status":"closed","sticky":false,"template":"","format":"standard","meta":[],"categories":[24],"tags":[],"yoast_head":"<!-- This site is optimized with the Yoast SEO plugin v20.10 - https:\/\/yoast.com\/wordpress\/plugins\/seo\/ -->\n<title>Programa de Movilidad del Centro Dram\u00e1tico Gallego | Concello de Beade<\/title>\n<meta name=\"robots\" content=\"index, follow, max-snippet:-1, max-image-preview:large, max-video-preview:-1\" \/>\n<link rel=\"canonical\" href=\"https:\/\/beade.es\/es\/programa-de-mobilidade-do-centro-dramatico-galego\/\" \/>\n<meta property=\"og:locale\" content=\"es_ES\" \/>\n<meta property=\"og:type\" content=\"article\" \/>\n<meta property=\"og:title\" content=\"Programa de Movilidad del Centro Dram\u00e1tico Gallego | Concello de Beade\" \/>\n<meta property=\"og:description\" content=\"Se facilita informaci\u00f3n relativa al Programa de Movilidad del Centro Dram\u00e1tico Gallego, a trav\u00e9s del cual el vecindario de Beade podr\u00e1 acudir a la obra \u00abTercer Acto\u00bb el pr\u00f3ximo d\u00eda 17 de octubre. La actuaci\u00f3n tendr\u00e1 lugar en el Sal\u00f3n Teatro de Santiago de Compostela, por lo que se programar\u00e1 un autob\u00fas con hora de [&hellip;]\" \/>\n<meta property=\"og:url\" content=\"https:\/\/beade.es\/es\/programa-de-mobilidade-do-centro-dramatico-galego\/\" \/>\n<meta property=\"og:site_name\" content=\"Concello de Beade\" \/>\n<meta property=\"article:published_time\" content=\"2024-09-26T07:50:15+00:00\" \/>\n<meta property=\"article:modified_time\" content=\"2024-09-26T07:51:43+00:00\" \/>\n<meta property=\"og:image\" content=\"https:\/\/beade.es\/wp-content\/uploads\/2024\/09\/Beade-teatro.jpg\" \/>\n\t<meta property=\"og:image:width\" content=\"1168\" \/>\n\t<meta property=\"og:image:height\" content=\"1252\" \/>\n\t<meta property=\"og:image:type\" content=\"image\/jpeg\" \/>\n<meta name=\"author\" content=\"Xestor Contidos\" \/>\n<meta name=\"twitter:card\" content=\"summary_large_image\" \/>\n<meta name=\"twitter:label1\" content=\"Escrito por\" \/>\n\t<meta name=\"twitter:data1\" content=\"Xestor Contidos\" \/>\n\t<meta name=\"twitter:label2\" content=\"Tiempo de lectura\" \/>\n\t<meta name=\"twitter:data2\" content=\"1 minuto\" \/>\n<script type=\"application\/ld+json\" class=\"yoast-schema-graph\">{\"@context\":\"https:\/\/schema.org\",\"@graph\":[{\"@type\":\"Article\",\"@id\":\"https:\/\/beade.es\/es\/programa-de-mobilidade-do-centro-dramatico-galego\/#article\",\"isPartOf\":{\"@id\":\"https:\/\/beade.es\/es\/programa-de-mobilidade-do-centro-dramatico-galego\/\"},\"author\":{\"name\":\"Xestor Contidos\",\"@id\":\"https:\/\/beade.es\/#\/schema\/person\/965c7e653fc9a4298481a6bedca766bd\"},\"headline\":\"Programa de Movilidad del Centro Dram\u00e1tico Gallego\",\"datePublished\":\"2024-09-26T07:50:15+00:00\",\"dateModified\":\"2024-09-26T07:51:43+00:00\",\"mainEntityOfPage\":{\"@id\":\"https:\/\/beade.es\/es\/programa-de-mobilidade-do-centro-dramatico-galego\/\"},\"wordCount\":108,\"publisher\":{\"@id\":\"https:\/\/beade.es\/#organization\"},\"articleSection\":[\"Noticias\"],\"inLanguage\":\"es\"},{\"@type\":\"WebPage\",\"@id\":\"https:\/\/beade.es\/es\/programa-de-mobilidade-do-centro-dramatico-galego\/\",\"url\":\"https:\/\/beade.es\/es\/programa-de-mobilidade-do-centro-dramatico-galego\/\",\"name\":\"Programa de Movilidad del Centro Dram\u00e1tico Gallego | Concello de Beade\",\"isPartOf\":{\"@id\":\"https:\/\/beade.es\/#website\"},\"datePublished\":\"2024-09-26T07:50:15+00:00\",\"dateModified\":\"2024-09-26T07:51:43+00:00\",\"breadcrumb\":{\"@id\":\"https:\/\/beade.es\/es\/programa-de-mobilidade-do-centro-dramatico-galego\/#breadcrumb\"},\"inLanguage\":\"es\",\"potentialAction\":[{\"@type\":\"ReadAction\",\"target\":[\"https:\/\/beade.es\/es\/programa-de-mobilidade-do-centro-dramatico-galego\/\"]}]},{\"@type\":\"BreadcrumbList\",\"@id\":\"https:\/\/beade.es\/es\/programa-de-mobilidade-do-centro-dramatico-galego\/#breadcrumb\",\"itemListElement\":[{\"@type\":\"ListItem\",\"position\":1,\"name\":\"Portada\",\"item\":\"https:\/\/beade.es\/es\/frontpage\/\"},{\"@type\":\"ListItem\",\"position\":2,\"name\":\"Programa de Movilidad del Centro Dram\u00e1tico Gallego\"}]},{\"@type\":\"WebSite\",\"@id\":\"https:\/\/beade.es\/#website\",\"url\":\"https:\/\/beade.es\/\",\"name\":\"Concello de Beade\",\"description\":\"P\u00e1xina oficial do Concello de Beade\",\"publisher\":{\"@id\":\"https:\/\/beade.es\/#organization\"},\"potentialAction\":[{\"@type\":\"SearchAction\",\"target\":{\"@type\":\"EntryPoint\",\"urlTemplate\":\"https:\/\/beade.es\/?s={search_term_string}\"},\"query-input\":\"required name=search_term_string\"}],\"inLanguage\":\"es\"},{\"@type\":\"Organization\",\"@id\":\"https:\/\/beade.es\/#organization\",\"name\":\"Concello de Beade\",\"url\":\"https:\/\/beade.es\/\",\"logo\":{\"@type\":\"ImageObject\",\"inLanguage\":\"es\",\"@id\":\"https:\/\/beade.es\/#\/schema\/logo\/image\/\",\"url\":\"https:\/\/beade.es\/wp-content\/uploads\/2018\/01\/logo-beade.png\",\"contentUrl\":\"https:\/\/beade.es\/wp-content\/uploads\/2018\/01\/logo-beade.png\",\"width\":380,\"height\":110,\"caption\":\"Concello de Beade\"},\"image\":{\"@id\":\"https:\/\/beade.es\/#\/schema\/logo\/image\/\"}},{\"@type\":\"Person\",\"@id\":\"https:\/\/beade.es\/#\/schema\/person\/965c7e653fc9a4298481a6bedca766bd\",\"name\":\"Xestor Contidos\",\"image\":{\"@type\":\"ImageObject\",\"inLanguage\":\"es\",\"@id\":\"https:\/\/beade.es\/#\/schema\/person\/image\/\",\"url\":\"https:\/\/secure.gravatar.com\/avatar\/3f8d6e41ebbfe8c2ed19b505f10a08bc?s=96&d=mm&r=g\",\"contentUrl\":\"https:\/\/secure.gravatar.com\/avatar\/3f8d6e41ebbfe8c2ed19b505f10a08bc?s=96&d=mm&r=g\",\"caption\":\"Xestor Contidos\"}}]}<\/script>\n<!-- \/ Yoast SEO plugin. -->","yoast_head_json":{"title":"Programa de Movilidad del Centro Dram\u00e1tico Gallego | Concello de Beade","robots":{"index":"index","follow":"follow","max-snippet":"max-snippet:-1","max-image-preview":"max-image-preview:large","max-video-preview":"max-video-preview:-1"},"canonical":"https:\/\/beade.es\/es\/programa-de-mobilidade-do-centro-dramatico-galego\/","og_locale":"es_ES","og_type":"article","og_title":"Programa de Movilidad del Centro Dram\u00e1tico Gallego | Concello de Beade","og_description":"Se facilita informaci\u00f3n relativa al Programa de Movilidad del Centro Dram\u00e1tico Gallego, a trav\u00e9s del cual el vecindario de Beade podr\u00e1 acudir a la obra \u00abTercer Acto\u00bb el pr\u00f3ximo d\u00eda 17 de octubre. La actuaci\u00f3n tendr\u00e1 lugar en el Sal\u00f3n Teatro de Santiago de Compostela, por lo que se programar\u00e1 un autob\u00fas con hora de [&hellip;]","og_url":"https:\/\/beade.es\/es\/programa-de-mobilidade-do-centro-dramatico-galego\/","og_site_name":"Concello de Beade","article_published_time":"2024-09-26T07:50:15+00:00","article_modified_time":"2024-09-26T07:51:43+00:00","og_image":[{"width":1168,"height":1252,"url":"https:\/\/beade.es\/wp-content\/uploads\/2024\/09\/Beade-teatro.jpg","type":"image\/jpeg"}],"author":"Xestor Contidos","twitter_card":"summary_large_image","twitter_misc":{"Escrito por":"Xestor Contidos","Tiempo de lectura":"1 minuto"},"schema":{"@context":"https:\/\/schema.org","@graph":[{"@type":"Article","@id":"https:\/\/beade.es\/es\/programa-de-mobilidade-do-centro-dramatico-galego\/#article","isPartOf":{"@id":"https:\/\/beade.es\/es\/programa-de-mobilidade-do-centro-dramatico-galego\/"},"author":{"name":"Xestor Contidos","@id":"https:\/\/beade.es\/#\/schema\/person\/965c7e653fc9a4298481a6bedca766bd"},"headline":"Programa de Movilidad del Centro Dram\u00e1tico Gallego","datePublished":"2024-09-26T07:50:15+00:00","dateModified":"2024-09-26T07:51:43+00:00","mainEntityOfPage":{"@id":"https:\/\/beade.es\/es\/programa-de-mobilidade-do-centro-dramatico-galego\/"},"wordCount":108,"publisher":{"@id":"https:\/\/beade.es\/#organization"},"articleSection":["Noticias"],"inLanguage":"es"},{"@type":"WebPage","@id":"https:\/\/beade.es\/es\/programa-de-mobilidade-do-centro-dramatico-galego\/","url":"https:\/\/beade.es\/es\/programa-de-mobilidade-do-centro-dramatico-galego\/","name":"Programa de Movilidad del Centro Dram\u00e1tico Gallego | Concello de Beade","isPartOf":{"@id":"https:\/\/beade.es\/#website"},"datePublished":"2024-09-26T07:50:15+00:00","dateModified":"2024-09-26T07:51:43+00:00","breadcrumb":{"@id":"https:\/\/beade.es\/es\/programa-de-mobilidade-do-centro-dramatico-galego\/#breadcrumb"},"inLanguage":"es","potentialAction":[{"@type":"ReadAction","target":["https:\/\/beade.es\/es\/programa-de-mobilidade-do-centro-dramatico-galego\/"]}]},{"@type":"BreadcrumbList","@id":"https:\/\/beade.es\/es\/programa-de-mobilidade-do-centro-dramatico-galego\/#breadcrumb","itemListElement":[{"@type":"ListItem","position":1,"name":"Portada","item":"https:\/\/beade.es\/es\/frontpage\/"},{"@type":"ListItem","position":2,"name":"Programa de Movilidad del Centro Dram\u00e1tico Gallego"}]},{"@type":"WebSite","@id":"https:\/\/beade.es\/#website","url":"https:\/\/beade.es\/","name":"Concello de Beade","description":"P\u00e1xina oficial do Concello de Beade","publisher":{"@id":"https:\/\/beade.es\/#organization"},"potentialAction":[{"@type":"SearchAction","target":{"@type":"EntryPoint","urlTemplate":"https:\/\/beade.es\/?s={search_term_string}"},"query-input":"required name=search_term_string"}],"inLanguage":"es"},{"@type":"Organization","@id":"https:\/\/beade.es\/#organization","name":"Concello de Beade","url":"https:\/\/beade.es\/","logo":{"@type":"ImageObject","inLanguage":"es","@id":"https:\/\/beade.es\/#\/schema\/logo\/image\/","url":"https:\/\/beade.es\/wp-content\/uploads\/2018\/01\/logo-beade.png","contentUrl":"https:\/\/beade.es\/wp-content\/uploads\/2018\/01\/logo-beade.png","width":380,"height":110,"caption":"Concello de Beade"},"image":{"@id":"https:\/\/beade.es\/#\/schema\/logo\/image\/"}},{"@type":"Person","@id":"https:\/\/beade.es\/#\/schema\/person\/965c7e653fc9a4298481a6bedca766bd","name":"Xestor Contidos","image":{"@type":"ImageObject","inLanguage":"es","@id":"https:\/\/beade.es\/#\/schema\/person\/image\/","url":"https:\/\/secure.gravatar.com\/avatar\/3f8d6e41ebbfe8c2ed19b505f10a08bc?s=96&d=mm&r=g","contentUrl":"https:\/\/secure.gravatar.com\/avatar\/3f8d6e41ebbfe8c2ed19b505f10a08bc?s=96&d=mm&r=g","caption":"Xestor Contidos"}}]}},"_links":{"self":[{"href":"https:\/\/beade.es\/es\/wp-json\/wp\/v2\/posts\/1696"}],"collection":[{"href":"https:\/\/beade.es\/es\/wp-json\/wp\/v2\/posts"}],"about":[{"href":"https:\/\/beade.es\/es\/wp-json\/wp\/v2\/types\/post"}],"author":[{"embeddable":true,"href":"https:\/\/beade.es\/es\/wp-json\/wp\/v2\/users\/2"}],"replies":[{"embeddable":true,"href":"https:\/\/beade.es\/es\/wp-json\/wp\/v2\/comments?post=1696"}],"version-history":[{"count":2,"href":"https:\/\/beade.es\/es\/wp-json\/wp\/v2\/posts\/1696\/revisions"}],"predecessor-version":[{"id":1698,"href":"https:\/\/beade.es\/es\/wp-json\/wp\/v2\/posts\/1696\/revisions\/1698"}],"wp:featuredmedia":[{"embeddable":true,"href":"https:\/\/beade.es\/es\/wp-json\/wp\/v2\/media\/1694"}],"wp:attachment":[{"href":"https:\/\/beade.es\/es\/wp-json\/wp\/v2\/media?parent=1696"}],"wp:term":[{"taxonomy":"category","embeddable":true,"href":"https:\/\/beade.es\/es\/wp-json\/wp\/v2\/categories?post=1696"},{"taxonomy":"post_tag","embeddable":true,"href":"https:\/\/beade.es\/es\/wp-json\/wp\/v2\/tags?post=1696"}],"curies":[{"name":"wp","href":"https:\/\/api.w.org\/{rel}","templated":true}]}}