{"id":1675,"date":"2024-06-18T12:23:41","date_gmt":"2024-06-18T10:23:41","guid":{"rendered":"https:\/\/beade.es\/ii-edicion-do-acto-o-vino-un-companeiro-de-vida\/"},"modified":"2024-06-18T12:23:41","modified_gmt":"2024-06-18T10:23:41","slug":"ii-edicion-do-acto-o-vino-un-companeiro-de-vida","status":"publish","type":"post","link":"https:\/\/beade.es\/es\/ii-edicion-do-acto-o-vino-un-companeiro-de-vida\/","title":{"rendered":"II edici\u00f3n do acto \u00abO vi\u00f1o, un compa\u00f1eiro de vida\u00bb"},"content":{"rendered":"<p>O pr\u00f3ximo s\u00e1bado, d\u00eda 27 de xullo, a partir das 19:00 horas, ter\u00e1 lugar no entorno da Igrexa do San Roque de Beade (Ourense) a II edici\u00f3n do acto \u00abO vi\u00f1o, un compa\u00f1eiro de vida\u00bb, no que se poder\u00e1n degustar vi\u00f1os da D.O. Ribeiro das diversas bodegas de Beade, as\u00ed como vinagres tam\u00e9n aut\u00f3ctonos. Ademais, ofreceranse variados produtos gastron\u00f3micos e amenizar\u00e1n o acto o humorista David Amor e a actuaci\u00f3n de \u201cLos lunes al sol\u201d.<\/p>\n<p>Esta actividade conta cunha subvenci\u00f3n do Instituto Ourens\u00e1n de Desenvolvemento Econ\u00f3mico (Inorde) no marco das subvenci\u00f3ns para a financiaci\u00f3n de acci\u00f3ns de promoci\u00f3n de produtos propios de Ourense realizadas por Concellos da Provincia de Ourense durante o ano 2024.<\/p>\n<p><img decoding=\"async\" loading=\"lazy\" class=\"alignnone wp-image-1664\" src=\"https:\/\/beade.es\/wp-content\/uploads\/2024\/09\/logo-INORDE-480x186.png\" alt=\"\" width=\"369\" height=\"143\" srcset=\"https:\/\/beade.es\/wp-content\/uploads\/2024\/09\/logo-INORDE-480x186.png 480w, https:\/\/beade.es\/wp-content\/uploads\/2024\/09\/logo-INORDE.png 592w\" sizes=\"(max-width: 369px) 100vw, 369px\" \/><img decoding=\"async\" loading=\"lazy\" class=\"alignnone  wp-image-1669\" src=\"https:\/\/beade.es\/wp-content\/uploads\/2024\/06\/logo-vector-diputacion-orense-480x244-1.jpg\" alt=\"\" width=\"262\" height=\"133\" \/><img decoding=\"async\" loading=\"lazy\" class=\"alignnone  wp-image-1672\" src=\"https:\/\/beade.es\/wp-content\/uploads\/2024\/06\/beade_0-339x480.png\" alt=\"\" width=\"91\" height=\"129\" srcset=\"https:\/\/beade.es\/wp-content\/uploads\/2024\/06\/beade_0-339x480.png 339w, https:\/\/beade.es\/wp-content\/uploads\/2024\/06\/beade_0.png 424w\" sizes=\"(max-width: 91px) 100vw, 91px\" \/><\/p>\n","protected":false},"excerpt":{"rendered":"<p>O pr\u00f3ximo s\u00e1bado, d\u00eda 27 de xullo, a partir das 19:00 horas, ter\u00e1 lugar no entorno da Igrexa do San Roque de Beade (Ourense) a II edici\u00f3n do acto \u00abO vi\u00f1o, un compa\u00f1eiro de vida\u00bb, no que se poder\u00e1n degustar vi\u00f1os da D.O. Ribeiro das diversas bodegas de Beade, as\u00ed como vinagres tam\u00e9n aut\u00f3ctonos. Ademais, [&hellip;]<\/p>\n","protected":false},"author":2,"featured_media":1667,"comment_status":"closed","ping_status":"closed","sticky":false,"template":"","format":"standard","meta":[],"categories":[24],"tags":[],"yoast_head":"<!-- This site is optimized with the Yoast SEO plugin v20.10 - https:\/\/yoast.com\/wordpress\/plugins\/seo\/ -->\n<title>II edici\u00f3n do acto &quot;O vi\u00f1o, un compa\u00f1eiro de vida&quot; | Concello de Beade<\/title>\n<meta name=\"robots\" content=\"index, follow, max-snippet:-1, max-image-preview:large, max-video-preview:-1\" \/>\n<link rel=\"canonical\" href=\"https:\/\/beade.es\/es\/ii-edicion-do-acto-o-vino-un-companeiro-de-vida\/\" \/>\n<meta property=\"og:locale\" content=\"es_ES\" \/>\n<meta property=\"og:type\" content=\"article\" \/>\n<meta property=\"og:title\" content=\"II edici\u00f3n do acto &quot;O vi\u00f1o, un compa\u00f1eiro de vida&quot; | Concello de Beade\" \/>\n<meta property=\"og:description\" content=\"O pr\u00f3ximo s\u00e1bado, d\u00eda 27 de xullo, a partir das 19:00 horas, ter\u00e1 lugar no entorno da Igrexa do San Roque de Beade (Ourense) a II edici\u00f3n do acto \u00abO vi\u00f1o, un compa\u00f1eiro de vida\u00bb, no que se poder\u00e1n degustar vi\u00f1os da D.O. Ribeiro das diversas bodegas de Beade, as\u00ed como vinagres tam\u00e9n aut\u00f3ctonos. Ademais, [&hellip;]\" \/>\n<meta property=\"og:url\" content=\"https:\/\/beade.es\/es\/ii-edicion-do-acto-o-vino-un-companeiro-de-vida\/\" \/>\n<meta property=\"og:site_name\" content=\"Concello de Beade\" \/>\n<meta property=\"article:published_time\" content=\"2024-06-18T10:23:41+00:00\" \/>\n<meta property=\"og:image\" content=\"https:\/\/beade.es\/wp-content\/uploads\/2024\/09\/logo-INORDE-480x186.png\" \/>\n<meta name=\"author\" content=\"Xestor Contidos\" \/>\n<meta name=\"twitter:card\" content=\"summary_large_image\" \/>\n<meta name=\"twitter:label1\" content=\"Escrito por\" \/>\n\t<meta name=\"twitter:data1\" content=\"Xestor Contidos\" \/>\n\t<meta name=\"twitter:label2\" content=\"Tiempo de lectura\" \/>\n\t<meta name=\"twitter:data2\" content=\"1 minuto\" \/>\n<script type=\"application\/ld+json\" class=\"yoast-schema-graph\">{\"@context\":\"https:\/\/schema.org\",\"@graph\":[{\"@type\":\"Article\",\"@id\":\"https:\/\/beade.es\/es\/ii-edicion-do-acto-o-vino-un-companeiro-de-vida\/#article\",\"isPartOf\":{\"@id\":\"https:\/\/beade.es\/es\/ii-edicion-do-acto-o-vino-un-companeiro-de-vida\/\"},\"author\":{\"name\":\"Xestor Contidos\",\"@id\":\"https:\/\/beade.es\/#\/schema\/person\/965c7e653fc9a4298481a6bedca766bd\"},\"headline\":\"II edici\u00f3n do acto \u00abO vi\u00f1o, un compa\u00f1eiro de vida\u00bb\",\"datePublished\":\"2024-06-18T10:23:41+00:00\",\"dateModified\":\"2024-06-18T10:23:41+00:00\",\"mainEntityOfPage\":{\"@id\":\"https:\/\/beade.es\/es\/ii-edicion-do-acto-o-vino-un-companeiro-de-vida\/\"},\"wordCount\":145,\"publisher\":{\"@id\":\"https:\/\/beade.es\/#organization\"},\"articleSection\":[\"Noticias\"],\"inLanguage\":\"es\"},{\"@type\":\"WebPage\",\"@id\":\"https:\/\/beade.es\/es\/ii-edicion-do-acto-o-vino-un-companeiro-de-vida\/\",\"url\":\"https:\/\/beade.es\/es\/ii-edicion-do-acto-o-vino-un-companeiro-de-vida\/\",\"name\":\"II edici\u00f3n do acto \\\"O vi\u00f1o, un compa\u00f1eiro de vida\\\" | Concello de Beade\",\"isPartOf\":{\"@id\":\"https:\/\/beade.es\/#website\"},\"datePublished\":\"2024-06-18T10:23:41+00:00\",\"dateModified\":\"2024-06-18T10:23:41+00:00\",\"breadcrumb\":{\"@id\":\"https:\/\/beade.es\/es\/ii-edicion-do-acto-o-vino-un-companeiro-de-vida\/#breadcrumb\"},\"inLanguage\":\"es\",\"potentialAction\":[{\"@type\":\"ReadAction\",\"target\":[\"https:\/\/beade.es\/es\/ii-edicion-do-acto-o-vino-un-companeiro-de-vida\/\"]}]},{\"@type\":\"BreadcrumbList\",\"@id\":\"https:\/\/beade.es\/es\/ii-edicion-do-acto-o-vino-un-companeiro-de-vida\/#breadcrumb\",\"itemListElement\":[{\"@type\":\"ListItem\",\"position\":1,\"name\":\"Portada\",\"item\":\"https:\/\/beade.es\/es\/frontpage\/\"},{\"@type\":\"ListItem\",\"position\":2,\"name\":\"II edici\u00f3n do acto \u00abO vi\u00f1o, un compa\u00f1eiro de vida\u00bb\"}]},{\"@type\":\"WebSite\",\"@id\":\"https:\/\/beade.es\/#website\",\"url\":\"https:\/\/beade.es\/\",\"name\":\"Concello de Beade\",\"description\":\"P\u00e1xina oficial do Concello de Beade\",\"publisher\":{\"@id\":\"https:\/\/beade.es\/#organization\"},\"potentialAction\":[{\"@type\":\"SearchAction\",\"target\":{\"@type\":\"EntryPoint\",\"urlTemplate\":\"https:\/\/beade.es\/?s={search_term_string}\"},\"query-input\":\"required name=search_term_string\"}],\"inLanguage\":\"es\"},{\"@type\":\"Organization\",\"@id\":\"https:\/\/beade.es\/#organization\",\"name\":\"Concello de Beade\",\"url\":\"https:\/\/beade.es\/\",\"logo\":{\"@type\":\"ImageObject\",\"inLanguage\":\"es\",\"@id\":\"https:\/\/beade.es\/#\/schema\/logo\/image\/\",\"url\":\"https:\/\/beade.es\/wp-content\/uploads\/2018\/01\/logo-beade.png\",\"contentUrl\":\"https:\/\/beade.es\/wp-content\/uploads\/2018\/01\/logo-beade.png\",\"width\":380,\"height\":110,\"caption\":\"Concello de Beade\"},\"image\":{\"@id\":\"https:\/\/beade.es\/#\/schema\/logo\/image\/\"}},{\"@type\":\"Person\",\"@id\":\"https:\/\/beade.es\/#\/schema\/person\/965c7e653fc9a4298481a6bedca766bd\",\"name\":\"Xestor Contidos\",\"image\":{\"@type\":\"ImageObject\",\"inLanguage\":\"es\",\"@id\":\"https:\/\/beade.es\/#\/schema\/person\/image\/\",\"url\":\"https:\/\/secure.gravatar.com\/avatar\/3f8d6e41ebbfe8c2ed19b505f10a08bc?s=96&d=mm&r=g\",\"contentUrl\":\"https:\/\/secure.gravatar.com\/avatar\/3f8d6e41ebbfe8c2ed19b505f10a08bc?s=96&d=mm&r=g\",\"caption\":\"Xestor Contidos\"}}]}<\/script>\n<!-- \/ Yoast SEO plugin. -->","yoast_head_json":{"title":"II edici\u00f3n do acto \"O vi\u00f1o, un compa\u00f1eiro de vida\" | Concello de Beade","robots":{"index":"index","follow":"follow","max-snippet":"max-snippet:-1","max-image-preview":"max-image-preview:large","max-video-preview":"max-video-preview:-1"},"canonical":"https:\/\/beade.es\/es\/ii-edicion-do-acto-o-vino-un-companeiro-de-vida\/","og_locale":"es_ES","og_type":"article","og_title":"II edici\u00f3n do acto \"O vi\u00f1o, un compa\u00f1eiro de vida\" | Concello de Beade","og_description":"O pr\u00f3ximo s\u00e1bado, d\u00eda 27 de xullo, a partir das 19:00 horas, ter\u00e1 lugar no entorno da Igrexa do San Roque de Beade (Ourense) a II edici\u00f3n do acto \u00abO vi\u00f1o, un compa\u00f1eiro de vida\u00bb, no que se poder\u00e1n degustar vi\u00f1os da D.O. Ribeiro das diversas bodegas de Beade, as\u00ed como vinagres tam\u00e9n aut\u00f3ctonos. Ademais, [&hellip;]","og_url":"https:\/\/beade.es\/es\/ii-edicion-do-acto-o-vino-un-companeiro-de-vida\/","og_site_name":"Concello de Beade","article_published_time":"2024-06-18T10:23:41+00:00","og_image":[{"url":"https:\/\/beade.es\/wp-content\/uploads\/2024\/09\/logo-INORDE-480x186.png"}],"author":"Xestor Contidos","twitter_card":"summary_large_image","twitter_misc":{"Escrito por":"Xestor Contidos","Tiempo de lectura":"1 minuto"},"schema":{"@context":"https:\/\/schema.org","@graph":[{"@type":"Article","@id":"https:\/\/beade.es\/es\/ii-edicion-do-acto-o-vino-un-companeiro-de-vida\/#article","isPartOf":{"@id":"https:\/\/beade.es\/es\/ii-edicion-do-acto-o-vino-un-companeiro-de-vida\/"},"author":{"name":"Xestor Contidos","@id":"https:\/\/beade.es\/#\/schema\/person\/965c7e653fc9a4298481a6bedca766bd"},"headline":"II edici\u00f3n do acto \u00abO vi\u00f1o, un compa\u00f1eiro de vida\u00bb","datePublished":"2024-06-18T10:23:41+00:00","dateModified":"2024-06-18T10:23:41+00:00","mainEntityOfPage":{"@id":"https:\/\/beade.es\/es\/ii-edicion-do-acto-o-vino-un-companeiro-de-vida\/"},"wordCount":145,"publisher":{"@id":"https:\/\/beade.es\/#organization"},"articleSection":["Noticias"],"inLanguage":"es"},{"@type":"WebPage","@id":"https:\/\/beade.es\/es\/ii-edicion-do-acto-o-vino-un-companeiro-de-vida\/","url":"https:\/\/beade.es\/es\/ii-edicion-do-acto-o-vino-un-companeiro-de-vida\/","name":"II edici\u00f3n do acto \"O vi\u00f1o, un compa\u00f1eiro de vida\" | Concello de Beade","isPartOf":{"@id":"https:\/\/beade.es\/#website"},"datePublished":"2024-06-18T10:23:41+00:00","dateModified":"2024-06-18T10:23:41+00:00","breadcrumb":{"@id":"https:\/\/beade.es\/es\/ii-edicion-do-acto-o-vino-un-companeiro-de-vida\/#breadcrumb"},"inLanguage":"es","potentialAction":[{"@type":"ReadAction","target":["https:\/\/beade.es\/es\/ii-edicion-do-acto-o-vino-un-companeiro-de-vida\/"]}]},{"@type":"BreadcrumbList","@id":"https:\/\/beade.es\/es\/ii-edicion-do-acto-o-vino-un-companeiro-de-vida\/#breadcrumb","itemListElement":[{"@type":"ListItem","position":1,"name":"Portada","item":"https:\/\/beade.es\/es\/frontpage\/"},{"@type":"ListItem","position":2,"name":"II edici\u00f3n do acto \u00abO vi\u00f1o, un compa\u00f1eiro de vida\u00bb"}]},{"@type":"WebSite","@id":"https:\/\/beade.es\/#website","url":"https:\/\/beade.es\/","name":"Concello de Beade","description":"P\u00e1xina oficial do Concello de Beade","publisher":{"@id":"https:\/\/beade.es\/#organization"},"potentialAction":[{"@type":"SearchAction","target":{"@type":"EntryPoint","urlTemplate":"https:\/\/beade.es\/?s={search_term_string}"},"query-input":"required name=search_term_string"}],"inLanguage":"es"},{"@type":"Organization","@id":"https:\/\/beade.es\/#organization","name":"Concello de Beade","url":"https:\/\/beade.es\/","logo":{"@type":"ImageObject","inLanguage":"es","@id":"https:\/\/beade.es\/#\/schema\/logo\/image\/","url":"https:\/\/beade.es\/wp-content\/uploads\/2018\/01\/logo-beade.png","contentUrl":"https:\/\/beade.es\/wp-content\/uploads\/2018\/01\/logo-beade.png","width":380,"height":110,"caption":"Concello de Beade"},"image":{"@id":"https:\/\/beade.es\/#\/schema\/logo\/image\/"}},{"@type":"Person","@id":"https:\/\/beade.es\/#\/schema\/person\/965c7e653fc9a4298481a6bedca766bd","name":"Xestor Contidos","image":{"@type":"ImageObject","inLanguage":"es","@id":"https:\/\/beade.es\/#\/schema\/person\/image\/","url":"https:\/\/secure.gravatar.com\/avatar\/3f8d6e41ebbfe8c2ed19b505f10a08bc?s=96&d=mm&r=g","contentUrl":"https:\/\/secure.gravatar.com\/avatar\/3f8d6e41ebbfe8c2ed19b505f10a08bc?s=96&d=mm&r=g","caption":"Xestor Contidos"}}]}},"_links":{"self":[{"href":"https:\/\/beade.es\/es\/wp-json\/wp\/v2\/posts\/1675"}],"collection":[{"href":"https:\/\/beade.es\/es\/wp-json\/wp\/v2\/posts"}],"about":[{"href":"https:\/\/beade.es\/es\/wp-json\/wp\/v2\/types\/post"}],"author":[{"embeddable":true,"href":"https:\/\/beade.es\/es\/wp-json\/wp\/v2\/users\/2"}],"replies":[{"embeddable":true,"href":"https:\/\/beade.es\/es\/wp-json\/wp\/v2\/comments?post=1675"}],"version-history":[{"count":0,"href":"https:\/\/beade.es\/es\/wp-json\/wp\/v2\/posts\/1675\/revisions"}],"wp:featuredmedia":[{"embeddable":true,"href":"https:\/\/beade.es\/es\/wp-json\/wp\/v2\/media\/1667"}],"wp:attachment":[{"href":"https:\/\/beade.es\/es\/wp-json\/wp\/v2\/media?parent=1675"}],"wp:term":[{"taxonomy":"category","embeddable":true,"href":"https:\/\/beade.es\/es\/wp-json\/wp\/v2\/categories?post=1675"},{"taxonomy":"post_tag","embeddable":true,"href":"https:\/\/beade.es\/es\/wp-json\/wp\/v2\/tags?post=1675"}],"curies":[{"name":"wp","href":"https:\/\/api.w.org\/{rel}","templated":true}]}}