{"id":1624,"date":"2024-06-08T16:25:11","date_gmt":"2024-06-08T14:25:11","guid":{"rendered":"https:\/\/beade.es\/novo-corte-no-subministro-de-auga\/"},"modified":"2024-06-08T16:26:40","modified_gmt":"2024-06-08T14:26:40","slug":"novo-corte-no-subministro-de-auga","status":"publish","type":"post","link":"https:\/\/beade.es\/es\/novo-corte-no-subministro-de-auga\/","title":{"rendered":"Nuevo corte en el suministro de agua"},"content":{"rendered":"<p>Se informa que el pr\u00f3ximo lunes se retomar\u00e1n los trabajos de mantenimiento en el tanque de agua de la Chousa, por lo que se producir\u00e1n interrupciones en el suministro de agua a partir de las 09:00 horas.<\/p>\n","protected":false},"excerpt":{"rendered":"<p>Se informa que el pr\u00f3ximo lunes se retomar\u00e1n los trabajos de mantenimiento en el tanque de agua de la Chousa, por lo que se producir\u00e1n interrupciones en el suministro de agua a partir de las 09:00 horas.<\/p>\n","protected":false},"author":2,"featured_media":1609,"comment_status":"closed","ping_status":"closed","sticky":false,"template":"","format":"standard","meta":[],"categories":[24],"tags":[],"yoast_head":"<!-- This site is optimized with the Yoast SEO plugin v20.10 - https:\/\/yoast.com\/wordpress\/plugins\/seo\/ -->\n<title>Nuevo corte en el suministro de agua | Concello de Beade<\/title>\n<meta name=\"robots\" content=\"index, follow, max-snippet:-1, max-image-preview:large, max-video-preview:-1\" \/>\n<link rel=\"canonical\" href=\"https:\/\/beade.es\/es\/novo-corte-no-subministro-de-auga\/\" \/>\n<meta property=\"og:locale\" content=\"es_ES\" \/>\n<meta property=\"og:type\" content=\"article\" \/>\n<meta property=\"og:title\" content=\"Nuevo corte en el suministro de agua | Concello de Beade\" \/>\n<meta property=\"og:description\" content=\"Se informa que el pr\u00f3ximo lunes se retomar\u00e1n los trabajos de mantenimiento en el tanque de agua de la Chousa, por lo que se producir\u00e1n interrupciones en el suministro de agua a partir de las 09:00 horas.\" \/>\n<meta property=\"og:url\" content=\"https:\/\/beade.es\/es\/novo-corte-no-subministro-de-auga\/\" \/>\n<meta property=\"og:site_name\" content=\"Concello de Beade\" \/>\n<meta property=\"article:published_time\" content=\"2024-06-08T14:25:11+00:00\" \/>\n<meta property=\"article:modified_time\" content=\"2024-06-08T14:26:40+00:00\" \/>\n<meta property=\"og:image\" content=\"https:\/\/beade.es\/wp-content\/uploads\/2024\/06\/Historia-de-la-distribucion-del-agua-potable-1.jpg\" \/>\n\t<meta property=\"og:image:width\" content=\"600\" \/>\n\t<meta property=\"og:image:height\" content=\"400\" \/>\n\t<meta property=\"og:image:type\" content=\"image\/jpeg\" \/>\n<meta name=\"author\" content=\"Xestor Contidos\" \/>\n<meta name=\"twitter:card\" content=\"summary_large_image\" \/>\n<meta name=\"twitter:label1\" content=\"Escrito por\" \/>\n\t<meta name=\"twitter:data1\" content=\"Xestor Contidos\" \/>\n\t<meta name=\"twitter:label2\" content=\"Tiempo de lectura\" \/>\n\t<meta name=\"twitter:data2\" content=\"1 minuto\" \/>\n<script type=\"application\/ld+json\" class=\"yoast-schema-graph\">{\"@context\":\"https:\/\/schema.org\",\"@graph\":[{\"@type\":\"Article\",\"@id\":\"https:\/\/beade.es\/es\/novo-corte-no-subministro-de-auga\/#article\",\"isPartOf\":{\"@id\":\"https:\/\/beade.es\/es\/novo-corte-no-subministro-de-auga\/\"},\"author\":{\"name\":\"Xestor Contidos\",\"@id\":\"https:\/\/beade.es\/#\/schema\/person\/965c7e653fc9a4298481a6bedca766bd\"},\"headline\":\"Nuevo corte en el suministro de agua\",\"datePublished\":\"2024-06-08T14:25:11+00:00\",\"dateModified\":\"2024-06-08T14:26:40+00:00\",\"mainEntityOfPage\":{\"@id\":\"https:\/\/beade.es\/es\/novo-corte-no-subministro-de-auga\/\"},\"wordCount\":46,\"publisher\":{\"@id\":\"https:\/\/beade.es\/#organization\"},\"articleSection\":[\"Noticias\"],\"inLanguage\":\"es\"},{\"@type\":\"WebPage\",\"@id\":\"https:\/\/beade.es\/es\/novo-corte-no-subministro-de-auga\/\",\"url\":\"https:\/\/beade.es\/es\/novo-corte-no-subministro-de-auga\/\",\"name\":\"Nuevo corte en el suministro de agua | Concello de Beade\",\"isPartOf\":{\"@id\":\"https:\/\/beade.es\/#website\"},\"datePublished\":\"2024-06-08T14:25:11+00:00\",\"dateModified\":\"2024-06-08T14:26:40+00:00\",\"breadcrumb\":{\"@id\":\"https:\/\/beade.es\/es\/novo-corte-no-subministro-de-auga\/#breadcrumb\"},\"inLanguage\":\"es\",\"potentialAction\":[{\"@type\":\"ReadAction\",\"target\":[\"https:\/\/beade.es\/es\/novo-corte-no-subministro-de-auga\/\"]}]},{\"@type\":\"BreadcrumbList\",\"@id\":\"https:\/\/beade.es\/es\/novo-corte-no-subministro-de-auga\/#breadcrumb\",\"itemListElement\":[{\"@type\":\"ListItem\",\"position\":1,\"name\":\"Portada\",\"item\":\"https:\/\/beade.es\/es\/frontpage\/\"},{\"@type\":\"ListItem\",\"position\":2,\"name\":\"Nuevo corte en el suministro de agua\"}]},{\"@type\":\"WebSite\",\"@id\":\"https:\/\/beade.es\/#website\",\"url\":\"https:\/\/beade.es\/\",\"name\":\"Concello de Beade\",\"description\":\"P\u00e1xina oficial do Concello de Beade\",\"publisher\":{\"@id\":\"https:\/\/beade.es\/#organization\"},\"potentialAction\":[{\"@type\":\"SearchAction\",\"target\":{\"@type\":\"EntryPoint\",\"urlTemplate\":\"https:\/\/beade.es\/?s={search_term_string}\"},\"query-input\":\"required name=search_term_string\"}],\"inLanguage\":\"es\"},{\"@type\":\"Organization\",\"@id\":\"https:\/\/beade.es\/#organization\",\"name\":\"Concello de Beade\",\"url\":\"https:\/\/beade.es\/\",\"logo\":{\"@type\":\"ImageObject\",\"inLanguage\":\"es\",\"@id\":\"https:\/\/beade.es\/#\/schema\/logo\/image\/\",\"url\":\"https:\/\/beade.es\/wp-content\/uploads\/2018\/01\/logo-beade.png\",\"contentUrl\":\"https:\/\/beade.es\/wp-content\/uploads\/2018\/01\/logo-beade.png\",\"width\":380,\"height\":110,\"caption\":\"Concello de Beade\"},\"image\":{\"@id\":\"https:\/\/beade.es\/#\/schema\/logo\/image\/\"}},{\"@type\":\"Person\",\"@id\":\"https:\/\/beade.es\/#\/schema\/person\/965c7e653fc9a4298481a6bedca766bd\",\"name\":\"Xestor Contidos\",\"image\":{\"@type\":\"ImageObject\",\"inLanguage\":\"es\",\"@id\":\"https:\/\/beade.es\/#\/schema\/person\/image\/\",\"url\":\"https:\/\/secure.gravatar.com\/avatar\/3f8d6e41ebbfe8c2ed19b505f10a08bc?s=96&d=mm&r=g\",\"contentUrl\":\"https:\/\/secure.gravatar.com\/avatar\/3f8d6e41ebbfe8c2ed19b505f10a08bc?s=96&d=mm&r=g\",\"caption\":\"Xestor Contidos\"}}]}<\/script>\n<!-- \/ Yoast SEO plugin. -->","yoast_head_json":{"title":"Nuevo corte en el suministro de agua | Concello de Beade","robots":{"index":"index","follow":"follow","max-snippet":"max-snippet:-1","max-image-preview":"max-image-preview:large","max-video-preview":"max-video-preview:-1"},"canonical":"https:\/\/beade.es\/es\/novo-corte-no-subministro-de-auga\/","og_locale":"es_ES","og_type":"article","og_title":"Nuevo corte en el suministro de agua | Concello de Beade","og_description":"Se informa que el pr\u00f3ximo lunes se retomar\u00e1n los trabajos de mantenimiento en el tanque de agua de la Chousa, por lo que se producir\u00e1n interrupciones en el suministro de agua a partir de las 09:00 horas.","og_url":"https:\/\/beade.es\/es\/novo-corte-no-subministro-de-auga\/","og_site_name":"Concello de Beade","article_published_time":"2024-06-08T14:25:11+00:00","article_modified_time":"2024-06-08T14:26:40+00:00","og_image":[{"width":600,"height":400,"url":"https:\/\/beade.es\/wp-content\/uploads\/2024\/06\/Historia-de-la-distribucion-del-agua-potable-1.jpg","type":"image\/jpeg"}],"author":"Xestor Contidos","twitter_card":"summary_large_image","twitter_misc":{"Escrito por":"Xestor Contidos","Tiempo de lectura":"1 minuto"},"schema":{"@context":"https:\/\/schema.org","@graph":[{"@type":"Article","@id":"https:\/\/beade.es\/es\/novo-corte-no-subministro-de-auga\/#article","isPartOf":{"@id":"https:\/\/beade.es\/es\/novo-corte-no-subministro-de-auga\/"},"author":{"name":"Xestor Contidos","@id":"https:\/\/beade.es\/#\/schema\/person\/965c7e653fc9a4298481a6bedca766bd"},"headline":"Nuevo corte en el suministro de agua","datePublished":"2024-06-08T14:25:11+00:00","dateModified":"2024-06-08T14:26:40+00:00","mainEntityOfPage":{"@id":"https:\/\/beade.es\/es\/novo-corte-no-subministro-de-auga\/"},"wordCount":46,"publisher":{"@id":"https:\/\/beade.es\/#organization"},"articleSection":["Noticias"],"inLanguage":"es"},{"@type":"WebPage","@id":"https:\/\/beade.es\/es\/novo-corte-no-subministro-de-auga\/","url":"https:\/\/beade.es\/es\/novo-corte-no-subministro-de-auga\/","name":"Nuevo corte en el suministro de agua | Concello de Beade","isPartOf":{"@id":"https:\/\/beade.es\/#website"},"datePublished":"2024-06-08T14:25:11+00:00","dateModified":"2024-06-08T14:26:40+00:00","breadcrumb":{"@id":"https:\/\/beade.es\/es\/novo-corte-no-subministro-de-auga\/#breadcrumb"},"inLanguage":"es","potentialAction":[{"@type":"ReadAction","target":["https:\/\/beade.es\/es\/novo-corte-no-subministro-de-auga\/"]}]},{"@type":"BreadcrumbList","@id":"https:\/\/beade.es\/es\/novo-corte-no-subministro-de-auga\/#breadcrumb","itemListElement":[{"@type":"ListItem","position":1,"name":"Portada","item":"https:\/\/beade.es\/es\/frontpage\/"},{"@type":"ListItem","position":2,"name":"Nuevo corte en el suministro de agua"}]},{"@type":"WebSite","@id":"https:\/\/beade.es\/#website","url":"https:\/\/beade.es\/","name":"Concello de Beade","description":"P\u00e1xina oficial do Concello de Beade","publisher":{"@id":"https:\/\/beade.es\/#organization"},"potentialAction":[{"@type":"SearchAction","target":{"@type":"EntryPoint","urlTemplate":"https:\/\/beade.es\/?s={search_term_string}"},"query-input":"required name=search_term_string"}],"inLanguage":"es"},{"@type":"Organization","@id":"https:\/\/beade.es\/#organization","name":"Concello de Beade","url":"https:\/\/beade.es\/","logo":{"@type":"ImageObject","inLanguage":"es","@id":"https:\/\/beade.es\/#\/schema\/logo\/image\/","url":"https:\/\/beade.es\/wp-content\/uploads\/2018\/01\/logo-beade.png","contentUrl":"https:\/\/beade.es\/wp-content\/uploads\/2018\/01\/logo-beade.png","width":380,"height":110,"caption":"Concello de Beade"},"image":{"@id":"https:\/\/beade.es\/#\/schema\/logo\/image\/"}},{"@type":"Person","@id":"https:\/\/beade.es\/#\/schema\/person\/965c7e653fc9a4298481a6bedca766bd","name":"Xestor Contidos","image":{"@type":"ImageObject","inLanguage":"es","@id":"https:\/\/beade.es\/#\/schema\/person\/image\/","url":"https:\/\/secure.gravatar.com\/avatar\/3f8d6e41ebbfe8c2ed19b505f10a08bc?s=96&d=mm&r=g","contentUrl":"https:\/\/secure.gravatar.com\/avatar\/3f8d6e41ebbfe8c2ed19b505f10a08bc?s=96&d=mm&r=g","caption":"Xestor Contidos"}}]}},"_links":{"self":[{"href":"https:\/\/beade.es\/es\/wp-json\/wp\/v2\/posts\/1624"}],"collection":[{"href":"https:\/\/beade.es\/es\/wp-json\/wp\/v2\/posts"}],"about":[{"href":"https:\/\/beade.es\/es\/wp-json\/wp\/v2\/types\/post"}],"author":[{"embeddable":true,"href":"https:\/\/beade.es\/es\/wp-json\/wp\/v2\/users\/2"}],"replies":[{"embeddable":true,"href":"https:\/\/beade.es\/es\/wp-json\/wp\/v2\/comments?post=1624"}],"version-history":[{"count":2,"href":"https:\/\/beade.es\/es\/wp-json\/wp\/v2\/posts\/1624\/revisions"}],"predecessor-version":[{"id":1626,"href":"https:\/\/beade.es\/es\/wp-json\/wp\/v2\/posts\/1624\/revisions\/1626"}],"wp:featuredmedia":[{"embeddable":true,"href":"https:\/\/beade.es\/es\/wp-json\/wp\/v2\/media\/1609"}],"wp:attachment":[{"href":"https:\/\/beade.es\/es\/wp-json\/wp\/v2\/media?parent=1624"}],"wp:term":[{"taxonomy":"category","embeddable":true,"href":"https:\/\/beade.es\/es\/wp-json\/wp\/v2\/categories?post=1624"},{"taxonomy":"post_tag","embeddable":true,"href":"https:\/\/beade.es\/es\/wp-json\/wp\/v2\/tags?post=1624"}],"curies":[{"name":"wp","href":"https:\/\/api.w.org\/{rel}","templated":true}]}}