{"id":1595,"date":"2024-05-23T11:17:27","date_gmt":"2024-05-23T09:17:27","guid":{"rendered":"https:\/\/beade.es\/subvencions-para-primeira-experiencia-profesional-de-menores-de-30-anos\/"},"modified":"2024-05-23T11:18:53","modified_gmt":"2024-05-23T09:18:53","slug":"subvencions-para-primeira-experiencia-profesional-de-menores-de-30-anos","status":"publish","type":"post","link":"https:\/\/beade.es\/es\/subvencions-para-primeira-experiencia-profesional-de-menores-de-30-anos\/","title":{"rendered":"Subvenciones para primera experiencia profesional de menores de 30 a\u00f1os"},"content":{"rendered":"<p>Se adjunta en pdf informaci\u00f3n relativa a subvenciones para primera experiencia profesional de las personas j\u00f3venes menores de 30 a\u00f1os mediante contratos formativos. Se trata de una ayuda convocada por la Conseller\u00eda de Empleo de la Xunta de Galicia y dirigida a personas empleadoras y empresas, cualquier que sea la forma jur\u00eddica que adopten, que contraten personas j\u00f3venes trabajadoras por cuenta ajena, para prestar servicios en centros de trabajo radicados en la Comunidad Aut\u00f3noma de Galicia.<\/p>\n<p><a href=\"https:\/\/beade.es\/wp-content\/uploads\/2024\/05\/Subvenciones-para-primera-experiencia-profesional.pdf\">Subvenciones para primera experiencia profesional<\/a><\/p>\n","protected":false},"excerpt":{"rendered":"<p>Se adjunta en pdf informaci\u00f3n relativa a subvenciones para primera experiencia profesional de las personas j\u00f3venes menores de 30 a\u00f1os mediante contratos formativos. Se trata de una ayuda convocada por la Conseller\u00eda de Empleo de la Xunta de Galicia y dirigida a personas empleadoras y empresas, cualquier que sea la forma jur\u00eddica que adopten, que [&hellip;]<\/p>\n","protected":false},"author":2,"featured_media":0,"comment_status":"closed","ping_status":"closed","sticky":false,"template":"","format":"standard","meta":[],"categories":[24],"tags":[],"yoast_head":"<!-- This site is optimized with the Yoast SEO plugin v20.10 - https:\/\/yoast.com\/wordpress\/plugins\/seo\/ -->\n<title>Subvenciones para primera experiencia profesional de menores de 30 a\u00f1os | Concello de Beade<\/title>\n<meta name=\"robots\" content=\"index, follow, max-snippet:-1, max-image-preview:large, max-video-preview:-1\" \/>\n<link rel=\"canonical\" href=\"https:\/\/beade.es\/es\/subvencions-para-primeira-experiencia-profesional-de-menores-de-30-anos\/\" \/>\n<meta property=\"og:locale\" content=\"es_ES\" \/>\n<meta property=\"og:type\" content=\"article\" \/>\n<meta property=\"og:title\" content=\"Subvenciones para primera experiencia profesional de menores de 30 a\u00f1os | Concello de Beade\" \/>\n<meta property=\"og:description\" content=\"Se adjunta en pdf informaci\u00f3n relativa a subvenciones para primera experiencia profesional de las personas j\u00f3venes menores de 30 a\u00f1os mediante contratos formativos. Se trata de una ayuda convocada por la Conseller\u00eda de Empleo de la Xunta de Galicia y dirigida a personas empleadoras y empresas, cualquier que sea la forma jur\u00eddica que adopten, que [&hellip;]\" \/>\n<meta property=\"og:url\" content=\"https:\/\/beade.es\/es\/subvencions-para-primeira-experiencia-profesional-de-menores-de-30-anos\/\" \/>\n<meta property=\"og:site_name\" content=\"Concello de Beade\" \/>\n<meta property=\"article:published_time\" content=\"2024-05-23T09:17:27+00:00\" \/>\n<meta property=\"article:modified_time\" content=\"2024-05-23T09:18:53+00:00\" \/>\n<meta name=\"author\" content=\"Xestor Contidos\" \/>\n<meta name=\"twitter:card\" content=\"summary_large_image\" \/>\n<meta name=\"twitter:label1\" content=\"Escrito por\" \/>\n\t<meta name=\"twitter:data1\" content=\"Xestor Contidos\" \/>\n\t<meta name=\"twitter:label2\" content=\"Tiempo de lectura\" \/>\n\t<meta name=\"twitter:data2\" content=\"1 minuto\" \/>\n<script type=\"application\/ld+json\" class=\"yoast-schema-graph\">{\"@context\":\"https:\/\/schema.org\",\"@graph\":[{\"@type\":\"Article\",\"@id\":\"https:\/\/beade.es\/es\/subvencions-para-primeira-experiencia-profesional-de-menores-de-30-anos\/#article\",\"isPartOf\":{\"@id\":\"https:\/\/beade.es\/es\/subvencions-para-primeira-experiencia-profesional-de-menores-de-30-anos\/\"},\"author\":{\"name\":\"Xestor Contidos\",\"@id\":\"https:\/\/beade.es\/#\/schema\/person\/965c7e653fc9a4298481a6bedca766bd\"},\"headline\":\"Subvenciones para primera experiencia profesional de menores de 30 a\u00f1os\",\"datePublished\":\"2024-05-23T09:17:27+00:00\",\"dateModified\":\"2024-05-23T09:18:53+00:00\",\"mainEntityOfPage\":{\"@id\":\"https:\/\/beade.es\/es\/subvencions-para-primeira-experiencia-profesional-de-menores-de-30-anos\/\"},\"wordCount\":97,\"publisher\":{\"@id\":\"https:\/\/beade.es\/#organization\"},\"articleSection\":[\"Noticias\"],\"inLanguage\":\"es\"},{\"@type\":\"WebPage\",\"@id\":\"https:\/\/beade.es\/es\/subvencions-para-primeira-experiencia-profesional-de-menores-de-30-anos\/\",\"url\":\"https:\/\/beade.es\/es\/subvencions-para-primeira-experiencia-profesional-de-menores-de-30-anos\/\",\"name\":\"Subvenciones para primera experiencia profesional de menores de 30 a\u00f1os | Concello de Beade\",\"isPartOf\":{\"@id\":\"https:\/\/beade.es\/#website\"},\"datePublished\":\"2024-05-23T09:17:27+00:00\",\"dateModified\":\"2024-05-23T09:18:53+00:00\",\"breadcrumb\":{\"@id\":\"https:\/\/beade.es\/es\/subvencions-para-primeira-experiencia-profesional-de-menores-de-30-anos\/#breadcrumb\"},\"inLanguage\":\"es\",\"potentialAction\":[{\"@type\":\"ReadAction\",\"target\":[\"https:\/\/beade.es\/es\/subvencions-para-primeira-experiencia-profesional-de-menores-de-30-anos\/\"]}]},{\"@type\":\"BreadcrumbList\",\"@id\":\"https:\/\/beade.es\/es\/subvencions-para-primeira-experiencia-profesional-de-menores-de-30-anos\/#breadcrumb\",\"itemListElement\":[{\"@type\":\"ListItem\",\"position\":1,\"name\":\"Portada\",\"item\":\"https:\/\/beade.es\/es\/frontpage\/\"},{\"@type\":\"ListItem\",\"position\":2,\"name\":\"Subvenciones para primera experiencia profesional de menores de 30 a\u00f1os\"}]},{\"@type\":\"WebSite\",\"@id\":\"https:\/\/beade.es\/#website\",\"url\":\"https:\/\/beade.es\/\",\"name\":\"Concello de Beade\",\"description\":\"P\u00e1xina oficial do Concello de Beade\",\"publisher\":{\"@id\":\"https:\/\/beade.es\/#organization\"},\"potentialAction\":[{\"@type\":\"SearchAction\",\"target\":{\"@type\":\"EntryPoint\",\"urlTemplate\":\"https:\/\/beade.es\/?s={search_term_string}\"},\"query-input\":\"required name=search_term_string\"}],\"inLanguage\":\"es\"},{\"@type\":\"Organization\",\"@id\":\"https:\/\/beade.es\/#organization\",\"name\":\"Concello de Beade\",\"url\":\"https:\/\/beade.es\/\",\"logo\":{\"@type\":\"ImageObject\",\"inLanguage\":\"es\",\"@id\":\"https:\/\/beade.es\/#\/schema\/logo\/image\/\",\"url\":\"https:\/\/beade.es\/wp-content\/uploads\/2018\/01\/logo-beade.png\",\"contentUrl\":\"https:\/\/beade.es\/wp-content\/uploads\/2018\/01\/logo-beade.png\",\"width\":380,\"height\":110,\"caption\":\"Concello de Beade\"},\"image\":{\"@id\":\"https:\/\/beade.es\/#\/schema\/logo\/image\/\"}},{\"@type\":\"Person\",\"@id\":\"https:\/\/beade.es\/#\/schema\/person\/965c7e653fc9a4298481a6bedca766bd\",\"name\":\"Xestor Contidos\",\"image\":{\"@type\":\"ImageObject\",\"inLanguage\":\"es\",\"@id\":\"https:\/\/beade.es\/#\/schema\/person\/image\/\",\"url\":\"https:\/\/secure.gravatar.com\/avatar\/3f8d6e41ebbfe8c2ed19b505f10a08bc?s=96&d=mm&r=g\",\"contentUrl\":\"https:\/\/secure.gravatar.com\/avatar\/3f8d6e41ebbfe8c2ed19b505f10a08bc?s=96&d=mm&r=g\",\"caption\":\"Xestor Contidos\"}}]}<\/script>\n<!-- \/ Yoast SEO plugin. -->","yoast_head_json":{"title":"Subvenciones para primera experiencia profesional de menores de 30 a\u00f1os | Concello de Beade","robots":{"index":"index","follow":"follow","max-snippet":"max-snippet:-1","max-image-preview":"max-image-preview:large","max-video-preview":"max-video-preview:-1"},"canonical":"https:\/\/beade.es\/es\/subvencions-para-primeira-experiencia-profesional-de-menores-de-30-anos\/","og_locale":"es_ES","og_type":"article","og_title":"Subvenciones para primera experiencia profesional de menores de 30 a\u00f1os | Concello de Beade","og_description":"Se adjunta en pdf informaci\u00f3n relativa a subvenciones para primera experiencia profesional de las personas j\u00f3venes menores de 30 a\u00f1os mediante contratos formativos. Se trata de una ayuda convocada por la Conseller\u00eda de Empleo de la Xunta de Galicia y dirigida a personas empleadoras y empresas, cualquier que sea la forma jur\u00eddica que adopten, que [&hellip;]","og_url":"https:\/\/beade.es\/es\/subvencions-para-primeira-experiencia-profesional-de-menores-de-30-anos\/","og_site_name":"Concello de Beade","article_published_time":"2024-05-23T09:17:27+00:00","article_modified_time":"2024-05-23T09:18:53+00:00","author":"Xestor Contidos","twitter_card":"summary_large_image","twitter_misc":{"Escrito por":"Xestor Contidos","Tiempo de lectura":"1 minuto"},"schema":{"@context":"https:\/\/schema.org","@graph":[{"@type":"Article","@id":"https:\/\/beade.es\/es\/subvencions-para-primeira-experiencia-profesional-de-menores-de-30-anos\/#article","isPartOf":{"@id":"https:\/\/beade.es\/es\/subvencions-para-primeira-experiencia-profesional-de-menores-de-30-anos\/"},"author":{"name":"Xestor Contidos","@id":"https:\/\/beade.es\/#\/schema\/person\/965c7e653fc9a4298481a6bedca766bd"},"headline":"Subvenciones para primera experiencia profesional de menores de 30 a\u00f1os","datePublished":"2024-05-23T09:17:27+00:00","dateModified":"2024-05-23T09:18:53+00:00","mainEntityOfPage":{"@id":"https:\/\/beade.es\/es\/subvencions-para-primeira-experiencia-profesional-de-menores-de-30-anos\/"},"wordCount":97,"publisher":{"@id":"https:\/\/beade.es\/#organization"},"articleSection":["Noticias"],"inLanguage":"es"},{"@type":"WebPage","@id":"https:\/\/beade.es\/es\/subvencions-para-primeira-experiencia-profesional-de-menores-de-30-anos\/","url":"https:\/\/beade.es\/es\/subvencions-para-primeira-experiencia-profesional-de-menores-de-30-anos\/","name":"Subvenciones para primera experiencia profesional de menores de 30 a\u00f1os | Concello de Beade","isPartOf":{"@id":"https:\/\/beade.es\/#website"},"datePublished":"2024-05-23T09:17:27+00:00","dateModified":"2024-05-23T09:18:53+00:00","breadcrumb":{"@id":"https:\/\/beade.es\/es\/subvencions-para-primeira-experiencia-profesional-de-menores-de-30-anos\/#breadcrumb"},"inLanguage":"es","potentialAction":[{"@type":"ReadAction","target":["https:\/\/beade.es\/es\/subvencions-para-primeira-experiencia-profesional-de-menores-de-30-anos\/"]}]},{"@type":"BreadcrumbList","@id":"https:\/\/beade.es\/es\/subvencions-para-primeira-experiencia-profesional-de-menores-de-30-anos\/#breadcrumb","itemListElement":[{"@type":"ListItem","position":1,"name":"Portada","item":"https:\/\/beade.es\/es\/frontpage\/"},{"@type":"ListItem","position":2,"name":"Subvenciones para primera experiencia profesional de menores de 30 a\u00f1os"}]},{"@type":"WebSite","@id":"https:\/\/beade.es\/#website","url":"https:\/\/beade.es\/","name":"Concello de Beade","description":"P\u00e1xina oficial do Concello de Beade","publisher":{"@id":"https:\/\/beade.es\/#organization"},"potentialAction":[{"@type":"SearchAction","target":{"@type":"EntryPoint","urlTemplate":"https:\/\/beade.es\/?s={search_term_string}"},"query-input":"required name=search_term_string"}],"inLanguage":"es"},{"@type":"Organization","@id":"https:\/\/beade.es\/#organization","name":"Concello de Beade","url":"https:\/\/beade.es\/","logo":{"@type":"ImageObject","inLanguage":"es","@id":"https:\/\/beade.es\/#\/schema\/logo\/image\/","url":"https:\/\/beade.es\/wp-content\/uploads\/2018\/01\/logo-beade.png","contentUrl":"https:\/\/beade.es\/wp-content\/uploads\/2018\/01\/logo-beade.png","width":380,"height":110,"caption":"Concello de Beade"},"image":{"@id":"https:\/\/beade.es\/#\/schema\/logo\/image\/"}},{"@type":"Person","@id":"https:\/\/beade.es\/#\/schema\/person\/965c7e653fc9a4298481a6bedca766bd","name":"Xestor Contidos","image":{"@type":"ImageObject","inLanguage":"es","@id":"https:\/\/beade.es\/#\/schema\/person\/image\/","url":"https:\/\/secure.gravatar.com\/avatar\/3f8d6e41ebbfe8c2ed19b505f10a08bc?s=96&d=mm&r=g","contentUrl":"https:\/\/secure.gravatar.com\/avatar\/3f8d6e41ebbfe8c2ed19b505f10a08bc?s=96&d=mm&r=g","caption":"Xestor Contidos"}}]}},"_links":{"self":[{"href":"https:\/\/beade.es\/es\/wp-json\/wp\/v2\/posts\/1595"}],"collection":[{"href":"https:\/\/beade.es\/es\/wp-json\/wp\/v2\/posts"}],"about":[{"href":"https:\/\/beade.es\/es\/wp-json\/wp\/v2\/types\/post"}],"author":[{"embeddable":true,"href":"https:\/\/beade.es\/es\/wp-json\/wp\/v2\/users\/2"}],"replies":[{"embeddable":true,"href":"https:\/\/beade.es\/es\/wp-json\/wp\/v2\/comments?post=1595"}],"version-history":[{"count":2,"href":"https:\/\/beade.es\/es\/wp-json\/wp\/v2\/posts\/1595\/revisions"}],"predecessor-version":[{"id":1597,"href":"https:\/\/beade.es\/es\/wp-json\/wp\/v2\/posts\/1595\/revisions\/1597"}],"wp:attachment":[{"href":"https:\/\/beade.es\/es\/wp-json\/wp\/v2\/media?parent=1595"}],"wp:term":[{"taxonomy":"category","embeddable":true,"href":"https:\/\/beade.es\/es\/wp-json\/wp\/v2\/categories?post=1595"},{"taxonomy":"post_tag","embeddable":true,"href":"https:\/\/beade.es\/es\/wp-json\/wp\/v2\/tags?post=1595"}],"curies":[{"name":"wp","href":"https:\/\/api.w.org\/{rel}","templated":true}]}}