{"id":1581,"date":"2024-05-15T12:46:00","date_gmt":"2024-05-15T10:46:00","guid":{"rendered":"https:\/\/beade.es\/aprazamento-de-o-vino-un-companeiro-de-vida\/"},"modified":"2024-05-15T12:47:15","modified_gmt":"2024-05-15T10:47:15","slug":"aprazamento-de-o-vino-un-companeiro-de-vida","status":"publish","type":"post","link":"https:\/\/beade.es\/es\/aprazamento-de-o-vino-un-companeiro-de-vida\/","title":{"rendered":"Aplazamiento de \u00abEl vino, un compa\u00f1ero de vida\u00bb"},"content":{"rendered":"<p>Por cuestiones climatol\u00f3gicas, se informa del aplazamiento de la II edici\u00f3n del acto \u00abEl vino, un compa\u00f1ero de vida\u00bb. En los pr\u00f3ximos d\u00edas se informar\u00e1 de nueva fecha en la que se programar\u00e1 la actividad.<\/p>\n","protected":false},"excerpt":{"rendered":"<p>Por cuestiones climatol\u00f3gicas, se informa del aplazamiento de la II edici\u00f3n del acto \u00abEl vino, un compa\u00f1ero de vida\u00bb. En los pr\u00f3ximos d\u00edas se informar\u00e1 de nueva fecha en la que se programar\u00e1 la actividad.<\/p>\n","protected":false},"author":2,"featured_media":1579,"comment_status":"closed","ping_status":"closed","sticky":false,"template":"","format":"standard","meta":[],"categories":[24],"tags":[],"yoast_head":"<!-- This site is optimized with the Yoast SEO plugin v20.10 - https:\/\/yoast.com\/wordpress\/plugins\/seo\/ -->\n<title>Aplazamiento de &quot;El vino, un compa\u00f1ero de vida&quot; | Concello de Beade<\/title>\n<meta name=\"robots\" content=\"index, follow, max-snippet:-1, max-image-preview:large, max-video-preview:-1\" \/>\n<link rel=\"canonical\" href=\"https:\/\/beade.es\/es\/aprazamento-de-o-vino-un-companeiro-de-vida\/\" \/>\n<meta property=\"og:locale\" content=\"es_ES\" \/>\n<meta property=\"og:type\" content=\"article\" \/>\n<meta property=\"og:title\" content=\"Aplazamiento de &quot;El vino, un compa\u00f1ero de vida&quot; | Concello de Beade\" \/>\n<meta property=\"og:description\" content=\"Por cuestiones climatol\u00f3gicas, se informa del aplazamiento de la II edici\u00f3n del acto \u00abEl vino, un compa\u00f1ero de vida\u00bb. En los pr\u00f3ximos d\u00edas se informar\u00e1 de nueva fecha en la que se programar\u00e1 la actividad.\" \/>\n<meta property=\"og:url\" content=\"https:\/\/beade.es\/es\/aprazamento-de-o-vino-un-companeiro-de-vida\/\" \/>\n<meta property=\"og:site_name\" content=\"Concello de Beade\" \/>\n<meta property=\"article:published_time\" content=\"2024-05-15T10:46:00+00:00\" \/>\n<meta property=\"article:modified_time\" content=\"2024-05-15T10:47:15+00:00\" \/>\n<meta property=\"og:image\" content=\"https:\/\/beade.es\/wp-content\/uploads\/2024\/05\/APRAZADO.jpg\" \/>\n\t<meta property=\"og:image:width\" content=\"1131\" \/>\n\t<meta property=\"og:image:height\" content=\"1600\" \/>\n\t<meta property=\"og:image:type\" content=\"image\/jpeg\" \/>\n<meta name=\"author\" content=\"Xestor Contidos\" \/>\n<meta name=\"twitter:card\" content=\"summary_large_image\" \/>\n<meta name=\"twitter:label1\" content=\"Escrito por\" \/>\n\t<meta name=\"twitter:data1\" content=\"Xestor Contidos\" \/>\n\t<meta name=\"twitter:label2\" content=\"Tiempo de lectura\" \/>\n\t<meta name=\"twitter:data2\" content=\"1 minuto\" \/>\n<script type=\"application\/ld+json\" class=\"yoast-schema-graph\">{\"@context\":\"https:\/\/schema.org\",\"@graph\":[{\"@type\":\"Article\",\"@id\":\"https:\/\/beade.es\/es\/aprazamento-de-o-vino-un-companeiro-de-vida\/#article\",\"isPartOf\":{\"@id\":\"https:\/\/beade.es\/es\/aprazamento-de-o-vino-un-companeiro-de-vida\/\"},\"author\":{\"name\":\"Xestor Contidos\",\"@id\":\"https:\/\/beade.es\/#\/schema\/person\/965c7e653fc9a4298481a6bedca766bd\"},\"headline\":\"Aplazamiento de \u00abEl vino, un compa\u00f1ero de vida\u00bb\",\"datePublished\":\"2024-05-15T10:46:00+00:00\",\"dateModified\":\"2024-05-15T10:47:15+00:00\",\"mainEntityOfPage\":{\"@id\":\"https:\/\/beade.es\/es\/aprazamento-de-o-vino-un-companeiro-de-vida\/\"},\"wordCount\":49,\"publisher\":{\"@id\":\"https:\/\/beade.es\/#organization\"},\"articleSection\":[\"Noticias\"],\"inLanguage\":\"es\"},{\"@type\":\"WebPage\",\"@id\":\"https:\/\/beade.es\/es\/aprazamento-de-o-vino-un-companeiro-de-vida\/\",\"url\":\"https:\/\/beade.es\/es\/aprazamento-de-o-vino-un-companeiro-de-vida\/\",\"name\":\"Aplazamiento de \\\"El vino, un compa\u00f1ero de vida\\\" | Concello de Beade\",\"isPartOf\":{\"@id\":\"https:\/\/beade.es\/#website\"},\"datePublished\":\"2024-05-15T10:46:00+00:00\",\"dateModified\":\"2024-05-15T10:47:15+00:00\",\"breadcrumb\":{\"@id\":\"https:\/\/beade.es\/es\/aprazamento-de-o-vino-un-companeiro-de-vida\/#breadcrumb\"},\"inLanguage\":\"es\",\"potentialAction\":[{\"@type\":\"ReadAction\",\"target\":[\"https:\/\/beade.es\/es\/aprazamento-de-o-vino-un-companeiro-de-vida\/\"]}]},{\"@type\":\"BreadcrumbList\",\"@id\":\"https:\/\/beade.es\/es\/aprazamento-de-o-vino-un-companeiro-de-vida\/#breadcrumb\",\"itemListElement\":[{\"@type\":\"ListItem\",\"position\":1,\"name\":\"Portada\",\"item\":\"https:\/\/beade.es\/es\/frontpage\/\"},{\"@type\":\"ListItem\",\"position\":2,\"name\":\"Aplazamiento de &#8220;El vino, un compa\u00f1ero de vida&#8221;\"}]},{\"@type\":\"WebSite\",\"@id\":\"https:\/\/beade.es\/#website\",\"url\":\"https:\/\/beade.es\/\",\"name\":\"Concello de Beade\",\"description\":\"P\u00e1xina oficial do Concello de Beade\",\"publisher\":{\"@id\":\"https:\/\/beade.es\/#organization\"},\"potentialAction\":[{\"@type\":\"SearchAction\",\"target\":{\"@type\":\"EntryPoint\",\"urlTemplate\":\"https:\/\/beade.es\/?s={search_term_string}\"},\"query-input\":\"required name=search_term_string\"}],\"inLanguage\":\"es\"},{\"@type\":\"Organization\",\"@id\":\"https:\/\/beade.es\/#organization\",\"name\":\"Concello de Beade\",\"url\":\"https:\/\/beade.es\/\",\"logo\":{\"@type\":\"ImageObject\",\"inLanguage\":\"es\",\"@id\":\"https:\/\/beade.es\/#\/schema\/logo\/image\/\",\"url\":\"https:\/\/beade.es\/wp-content\/uploads\/2018\/01\/logo-beade.png\",\"contentUrl\":\"https:\/\/beade.es\/wp-content\/uploads\/2018\/01\/logo-beade.png\",\"width\":380,\"height\":110,\"caption\":\"Concello de Beade\"},\"image\":{\"@id\":\"https:\/\/beade.es\/#\/schema\/logo\/image\/\"}},{\"@type\":\"Person\",\"@id\":\"https:\/\/beade.es\/#\/schema\/person\/965c7e653fc9a4298481a6bedca766bd\",\"name\":\"Xestor Contidos\",\"image\":{\"@type\":\"ImageObject\",\"inLanguage\":\"es\",\"@id\":\"https:\/\/beade.es\/#\/schema\/person\/image\/\",\"url\":\"https:\/\/secure.gravatar.com\/avatar\/3f8d6e41ebbfe8c2ed19b505f10a08bc?s=96&d=mm&r=g\",\"contentUrl\":\"https:\/\/secure.gravatar.com\/avatar\/3f8d6e41ebbfe8c2ed19b505f10a08bc?s=96&d=mm&r=g\",\"caption\":\"Xestor Contidos\"}}]}<\/script>\n<!-- \/ Yoast SEO plugin. -->","yoast_head_json":{"title":"Aplazamiento de \"El vino, un compa\u00f1ero de vida\" | Concello de Beade","robots":{"index":"index","follow":"follow","max-snippet":"max-snippet:-1","max-image-preview":"max-image-preview:large","max-video-preview":"max-video-preview:-1"},"canonical":"https:\/\/beade.es\/es\/aprazamento-de-o-vino-un-companeiro-de-vida\/","og_locale":"es_ES","og_type":"article","og_title":"Aplazamiento de \"El vino, un compa\u00f1ero de vida\" | Concello de Beade","og_description":"Por cuestiones climatol\u00f3gicas, se informa del aplazamiento de la II edici\u00f3n del acto \u00abEl vino, un compa\u00f1ero de vida\u00bb. En los pr\u00f3ximos d\u00edas se informar\u00e1 de nueva fecha en la que se programar\u00e1 la actividad.","og_url":"https:\/\/beade.es\/es\/aprazamento-de-o-vino-un-companeiro-de-vida\/","og_site_name":"Concello de Beade","article_published_time":"2024-05-15T10:46:00+00:00","article_modified_time":"2024-05-15T10:47:15+00:00","og_image":[{"width":1131,"height":1600,"url":"https:\/\/beade.es\/wp-content\/uploads\/2024\/05\/APRAZADO.jpg","type":"image\/jpeg"}],"author":"Xestor Contidos","twitter_card":"summary_large_image","twitter_misc":{"Escrito por":"Xestor Contidos","Tiempo de lectura":"1 minuto"},"schema":{"@context":"https:\/\/schema.org","@graph":[{"@type":"Article","@id":"https:\/\/beade.es\/es\/aprazamento-de-o-vino-un-companeiro-de-vida\/#article","isPartOf":{"@id":"https:\/\/beade.es\/es\/aprazamento-de-o-vino-un-companeiro-de-vida\/"},"author":{"name":"Xestor Contidos","@id":"https:\/\/beade.es\/#\/schema\/person\/965c7e653fc9a4298481a6bedca766bd"},"headline":"Aplazamiento de \u00abEl vino, un compa\u00f1ero de vida\u00bb","datePublished":"2024-05-15T10:46:00+00:00","dateModified":"2024-05-15T10:47:15+00:00","mainEntityOfPage":{"@id":"https:\/\/beade.es\/es\/aprazamento-de-o-vino-un-companeiro-de-vida\/"},"wordCount":49,"publisher":{"@id":"https:\/\/beade.es\/#organization"},"articleSection":["Noticias"],"inLanguage":"es"},{"@type":"WebPage","@id":"https:\/\/beade.es\/es\/aprazamento-de-o-vino-un-companeiro-de-vida\/","url":"https:\/\/beade.es\/es\/aprazamento-de-o-vino-un-companeiro-de-vida\/","name":"Aplazamiento de \"El vino, un compa\u00f1ero de vida\" | Concello de Beade","isPartOf":{"@id":"https:\/\/beade.es\/#website"},"datePublished":"2024-05-15T10:46:00+00:00","dateModified":"2024-05-15T10:47:15+00:00","breadcrumb":{"@id":"https:\/\/beade.es\/es\/aprazamento-de-o-vino-un-companeiro-de-vida\/#breadcrumb"},"inLanguage":"es","potentialAction":[{"@type":"ReadAction","target":["https:\/\/beade.es\/es\/aprazamento-de-o-vino-un-companeiro-de-vida\/"]}]},{"@type":"BreadcrumbList","@id":"https:\/\/beade.es\/es\/aprazamento-de-o-vino-un-companeiro-de-vida\/#breadcrumb","itemListElement":[{"@type":"ListItem","position":1,"name":"Portada","item":"https:\/\/beade.es\/es\/frontpage\/"},{"@type":"ListItem","position":2,"name":"Aplazamiento de &#8220;El vino, un compa\u00f1ero de vida&#8221;"}]},{"@type":"WebSite","@id":"https:\/\/beade.es\/#website","url":"https:\/\/beade.es\/","name":"Concello de Beade","description":"P\u00e1xina oficial do Concello de Beade","publisher":{"@id":"https:\/\/beade.es\/#organization"},"potentialAction":[{"@type":"SearchAction","target":{"@type":"EntryPoint","urlTemplate":"https:\/\/beade.es\/?s={search_term_string}"},"query-input":"required name=search_term_string"}],"inLanguage":"es"},{"@type":"Organization","@id":"https:\/\/beade.es\/#organization","name":"Concello de Beade","url":"https:\/\/beade.es\/","logo":{"@type":"ImageObject","inLanguage":"es","@id":"https:\/\/beade.es\/#\/schema\/logo\/image\/","url":"https:\/\/beade.es\/wp-content\/uploads\/2018\/01\/logo-beade.png","contentUrl":"https:\/\/beade.es\/wp-content\/uploads\/2018\/01\/logo-beade.png","width":380,"height":110,"caption":"Concello de Beade"},"image":{"@id":"https:\/\/beade.es\/#\/schema\/logo\/image\/"}},{"@type":"Person","@id":"https:\/\/beade.es\/#\/schema\/person\/965c7e653fc9a4298481a6bedca766bd","name":"Xestor Contidos","image":{"@type":"ImageObject","inLanguage":"es","@id":"https:\/\/beade.es\/#\/schema\/person\/image\/","url":"https:\/\/secure.gravatar.com\/avatar\/3f8d6e41ebbfe8c2ed19b505f10a08bc?s=96&d=mm&r=g","contentUrl":"https:\/\/secure.gravatar.com\/avatar\/3f8d6e41ebbfe8c2ed19b505f10a08bc?s=96&d=mm&r=g","caption":"Xestor Contidos"}}]}},"_links":{"self":[{"href":"https:\/\/beade.es\/es\/wp-json\/wp\/v2\/posts\/1581"}],"collection":[{"href":"https:\/\/beade.es\/es\/wp-json\/wp\/v2\/posts"}],"about":[{"href":"https:\/\/beade.es\/es\/wp-json\/wp\/v2\/types\/post"}],"author":[{"embeddable":true,"href":"https:\/\/beade.es\/es\/wp-json\/wp\/v2\/users\/2"}],"replies":[{"embeddable":true,"href":"https:\/\/beade.es\/es\/wp-json\/wp\/v2\/comments?post=1581"}],"version-history":[{"count":1,"href":"https:\/\/beade.es\/es\/wp-json\/wp\/v2\/posts\/1581\/revisions"}],"predecessor-version":[{"id":1582,"href":"https:\/\/beade.es\/es\/wp-json\/wp\/v2\/posts\/1581\/revisions\/1582"}],"wp:featuredmedia":[{"embeddable":true,"href":"https:\/\/beade.es\/es\/wp-json\/wp\/v2\/media\/1579"}],"wp:attachment":[{"href":"https:\/\/beade.es\/es\/wp-json\/wp\/v2\/media?parent=1581"}],"wp:term":[{"taxonomy":"category","embeddable":true,"href":"https:\/\/beade.es\/es\/wp-json\/wp\/v2\/categories?post=1581"},{"taxonomy":"post_tag","embeddable":true,"href":"https:\/\/beade.es\/es\/wp-json\/wp\/v2\/tags?post=1581"}],"curies":[{"name":"wp","href":"https:\/\/api.w.org\/{rel}","templated":true}]}}