{"id":1534,"date":"2024-03-26T10:44:07","date_gmt":"2024-03-26T09:44:07","guid":{"rendered":"https:\/\/beade.es\/horarios-semana-santa-2024\/"},"modified":"2024-03-27T09:15:48","modified_gmt":"2024-03-27T08:15:48","slug":"horarios-semana-santa-2024","status":"publish","type":"post","link":"https:\/\/beade.es\/es\/horarios-semana-santa-2024\/","title":{"rendered":"Horarios Semana Santa 2024"},"content":{"rendered":"<p>Se informa que, durante la Semana Santa del a\u00f1o 2024, la Iglesia del San Roque de Beade podr\u00e1 visitarse desde el mi\u00e9rcoles por la tarde hasta el domingo por la ma\u00f1ana, ambos inclusive. El horario de ma\u00f1ana ser\u00e1 de 10:00 a 13:00 horas, mientras que el de tarde abarcar\u00e1 desde las 15:30 hasta las 20:00 h.<\/p>\n<p>Del mismo modo, se informa que las misas y procesiones tendr\u00e1n lugar el jueves y viernes santos, d\u00edas 28 y 29 de marzo, a partir de las 19:30 horas.<\/p>\n<p><img decoding=\"async\" loading=\"lazy\" class=\"alignnone size-medium wp-image-1554\" src=\"https:\/\/beade.es\/wp-content\/uploads\/2024\/03\/Semana-Santa_page-0001-294x480.jpg\" alt=\"\" width=\"294\" height=\"480\" srcset=\"https:\/\/beade.es\/wp-content\/uploads\/2024\/03\/Semana-Santa_page-0001-294x480.jpg 294w, https:\/\/beade.es\/wp-content\/uploads\/2024\/03\/Semana-Santa_page-0001-627x1024.jpg 627w, https:\/\/beade.es\/wp-content\/uploads\/2024\/03\/Semana-Santa_page-0001-768x1254.jpg 768w, https:\/\/beade.es\/wp-content\/uploads\/2024\/03\/Semana-Santa_page-0001-941x1536.jpg 941w, https:\/\/beade.es\/wp-content\/uploads\/2024\/03\/Semana-Santa_page-0001-1254x2048.jpg 1254w, https:\/\/beade.es\/wp-content\/uploads\/2024\/03\/Semana-Santa_page-0001-scaled.jpg 1568w\" sizes=\"(max-width: 294px) 100vw, 294px\" \/><\/p>\n","protected":false},"excerpt":{"rendered":"<p>Se informa que, durante la Semana Santa del a\u00f1o 2024, la Iglesia del San Roque de Beade podr\u00e1 visitarse desde el mi\u00e9rcoles por la tarde hasta el domingo por la ma\u00f1ana, ambos inclusive. El horario de ma\u00f1ana ser\u00e1 de 10:00 a 13:00 horas, mientras que el de tarde abarcar\u00e1 desde las 15:30 hasta las 20:00 [&hellip;]<\/p>\n","protected":false},"author":2,"featured_media":1550,"comment_status":"closed","ping_status":"closed","sticky":false,"template":"","format":"standard","meta":[],"categories":[24],"tags":[],"yoast_head":"<!-- This site is optimized with the Yoast SEO plugin v20.10 - https:\/\/yoast.com\/wordpress\/plugins\/seo\/ -->\n<title>Horarios Semana Santa 2024 | Concello de Beade<\/title>\n<meta name=\"robots\" content=\"index, follow, max-snippet:-1, max-image-preview:large, max-video-preview:-1\" \/>\n<link rel=\"canonical\" href=\"https:\/\/beade.es\/es\/horarios-semana-santa-2024\/\" \/>\n<meta property=\"og:locale\" content=\"es_ES\" \/>\n<meta property=\"og:type\" content=\"article\" \/>\n<meta property=\"og:title\" content=\"Horarios Semana Santa 2024 | Concello de Beade\" \/>\n<meta property=\"og:description\" content=\"Se informa que, durante la Semana Santa del a\u00f1o 2024, la Iglesia del San Roque de Beade podr\u00e1 visitarse desde el mi\u00e9rcoles por la tarde hasta el domingo por la ma\u00f1ana, ambos inclusive. El horario de ma\u00f1ana ser\u00e1 de 10:00 a 13:00 horas, mientras que el de tarde abarcar\u00e1 desde las 15:30 hasta las 20:00 [&hellip;]\" \/>\n<meta property=\"og:url\" content=\"https:\/\/beade.es\/es\/horarios-semana-santa-2024\/\" \/>\n<meta property=\"og:site_name\" content=\"Concello de Beade\" \/>\n<meta property=\"article:published_time\" content=\"2024-03-26T09:44:07+00:00\" \/>\n<meta property=\"article:modified_time\" content=\"2024-03-27T08:15:48+00:00\" \/>\n<meta property=\"og:image\" content=\"https:\/\/beade.es\/wp-content\/uploads\/2024\/03\/Imagen-de-WhatsApp-2024-03-26-a-las-13.52.44_3675b529.jpg\" \/>\n\t<meta property=\"og:image:width\" content=\"1179\" \/>\n\t<meta property=\"og:image:height\" content=\"729\" \/>\n\t<meta property=\"og:image:type\" content=\"image\/jpeg\" \/>\n<meta name=\"author\" content=\"Xestor Contidos\" \/>\n<meta name=\"twitter:card\" content=\"summary_large_image\" \/>\n<meta name=\"twitter:label1\" content=\"Escrito por\" \/>\n\t<meta name=\"twitter:data1\" content=\"Xestor Contidos\" \/>\n\t<meta name=\"twitter:label2\" content=\"Tiempo de lectura\" \/>\n\t<meta name=\"twitter:data2\" content=\"1 minuto\" \/>\n<script type=\"application\/ld+json\" class=\"yoast-schema-graph\">{\"@context\":\"https:\/\/schema.org\",\"@graph\":[{\"@type\":\"Article\",\"@id\":\"https:\/\/beade.es\/es\/horarios-semana-santa-2024\/#article\",\"isPartOf\":{\"@id\":\"https:\/\/beade.es\/es\/horarios-semana-santa-2024\/\"},\"author\":{\"name\":\"Xestor Contidos\",\"@id\":\"https:\/\/beade.es\/#\/schema\/person\/965c7e653fc9a4298481a6bedca766bd\"},\"headline\":\"Horarios Semana Santa 2024\",\"datePublished\":\"2024-03-26T09:44:07+00:00\",\"dateModified\":\"2024-03-27T08:15:48+00:00\",\"mainEntityOfPage\":{\"@id\":\"https:\/\/beade.es\/es\/horarios-semana-santa-2024\/\"},\"wordCount\":86,\"publisher\":{\"@id\":\"https:\/\/beade.es\/#organization\"},\"articleSection\":[\"Noticias\"],\"inLanguage\":\"es\"},{\"@type\":\"WebPage\",\"@id\":\"https:\/\/beade.es\/es\/horarios-semana-santa-2024\/\",\"url\":\"https:\/\/beade.es\/es\/horarios-semana-santa-2024\/\",\"name\":\"Horarios Semana Santa 2024 | Concello de Beade\",\"isPartOf\":{\"@id\":\"https:\/\/beade.es\/#website\"},\"datePublished\":\"2024-03-26T09:44:07+00:00\",\"dateModified\":\"2024-03-27T08:15:48+00:00\",\"breadcrumb\":{\"@id\":\"https:\/\/beade.es\/es\/horarios-semana-santa-2024\/#breadcrumb\"},\"inLanguage\":\"es\",\"potentialAction\":[{\"@type\":\"ReadAction\",\"target\":[\"https:\/\/beade.es\/es\/horarios-semana-santa-2024\/\"]}]},{\"@type\":\"BreadcrumbList\",\"@id\":\"https:\/\/beade.es\/es\/horarios-semana-santa-2024\/#breadcrumb\",\"itemListElement\":[{\"@type\":\"ListItem\",\"position\":1,\"name\":\"Portada\",\"item\":\"https:\/\/beade.es\/es\/frontpage\/\"},{\"@type\":\"ListItem\",\"position\":2,\"name\":\"Horarios Semana Santa 2024\"}]},{\"@type\":\"WebSite\",\"@id\":\"https:\/\/beade.es\/#website\",\"url\":\"https:\/\/beade.es\/\",\"name\":\"Concello de Beade\",\"description\":\"P\u00e1xina oficial do Concello de Beade\",\"publisher\":{\"@id\":\"https:\/\/beade.es\/#organization\"},\"potentialAction\":[{\"@type\":\"SearchAction\",\"target\":{\"@type\":\"EntryPoint\",\"urlTemplate\":\"https:\/\/beade.es\/?s={search_term_string}\"},\"query-input\":\"required name=search_term_string\"}],\"inLanguage\":\"es\"},{\"@type\":\"Organization\",\"@id\":\"https:\/\/beade.es\/#organization\",\"name\":\"Concello de Beade\",\"url\":\"https:\/\/beade.es\/\",\"logo\":{\"@type\":\"ImageObject\",\"inLanguage\":\"es\",\"@id\":\"https:\/\/beade.es\/#\/schema\/logo\/image\/\",\"url\":\"https:\/\/beade.es\/wp-content\/uploads\/2018\/01\/logo-beade.png\",\"contentUrl\":\"https:\/\/beade.es\/wp-content\/uploads\/2018\/01\/logo-beade.png\",\"width\":380,\"height\":110,\"caption\":\"Concello de Beade\"},\"image\":{\"@id\":\"https:\/\/beade.es\/#\/schema\/logo\/image\/\"}},{\"@type\":\"Person\",\"@id\":\"https:\/\/beade.es\/#\/schema\/person\/965c7e653fc9a4298481a6bedca766bd\",\"name\":\"Xestor Contidos\",\"image\":{\"@type\":\"ImageObject\",\"inLanguage\":\"es\",\"@id\":\"https:\/\/beade.es\/#\/schema\/person\/image\/\",\"url\":\"https:\/\/secure.gravatar.com\/avatar\/3f8d6e41ebbfe8c2ed19b505f10a08bc?s=96&d=mm&r=g\",\"contentUrl\":\"https:\/\/secure.gravatar.com\/avatar\/3f8d6e41ebbfe8c2ed19b505f10a08bc?s=96&d=mm&r=g\",\"caption\":\"Xestor Contidos\"}}]}<\/script>\n<!-- \/ Yoast SEO plugin. -->","yoast_head_json":{"title":"Horarios Semana Santa 2024 | Concello de Beade","robots":{"index":"index","follow":"follow","max-snippet":"max-snippet:-1","max-image-preview":"max-image-preview:large","max-video-preview":"max-video-preview:-1"},"canonical":"https:\/\/beade.es\/es\/horarios-semana-santa-2024\/","og_locale":"es_ES","og_type":"article","og_title":"Horarios Semana Santa 2024 | Concello de Beade","og_description":"Se informa que, durante la Semana Santa del a\u00f1o 2024, la Iglesia del San Roque de Beade podr\u00e1 visitarse desde el mi\u00e9rcoles por la tarde hasta el domingo por la ma\u00f1ana, ambos inclusive. El horario de ma\u00f1ana ser\u00e1 de 10:00 a 13:00 horas, mientras que el de tarde abarcar\u00e1 desde las 15:30 hasta las 20:00 [&hellip;]","og_url":"https:\/\/beade.es\/es\/horarios-semana-santa-2024\/","og_site_name":"Concello de Beade","article_published_time":"2024-03-26T09:44:07+00:00","article_modified_time":"2024-03-27T08:15:48+00:00","og_image":[{"width":1179,"height":729,"url":"https:\/\/beade.es\/wp-content\/uploads\/2024\/03\/Imagen-de-WhatsApp-2024-03-26-a-las-13.52.44_3675b529.jpg","type":"image\/jpeg"}],"author":"Xestor Contidos","twitter_card":"summary_large_image","twitter_misc":{"Escrito por":"Xestor Contidos","Tiempo de lectura":"1 minuto"},"schema":{"@context":"https:\/\/schema.org","@graph":[{"@type":"Article","@id":"https:\/\/beade.es\/es\/horarios-semana-santa-2024\/#article","isPartOf":{"@id":"https:\/\/beade.es\/es\/horarios-semana-santa-2024\/"},"author":{"name":"Xestor Contidos","@id":"https:\/\/beade.es\/#\/schema\/person\/965c7e653fc9a4298481a6bedca766bd"},"headline":"Horarios Semana Santa 2024","datePublished":"2024-03-26T09:44:07+00:00","dateModified":"2024-03-27T08:15:48+00:00","mainEntityOfPage":{"@id":"https:\/\/beade.es\/es\/horarios-semana-santa-2024\/"},"wordCount":86,"publisher":{"@id":"https:\/\/beade.es\/#organization"},"articleSection":["Noticias"],"inLanguage":"es"},{"@type":"WebPage","@id":"https:\/\/beade.es\/es\/horarios-semana-santa-2024\/","url":"https:\/\/beade.es\/es\/horarios-semana-santa-2024\/","name":"Horarios Semana Santa 2024 | Concello de Beade","isPartOf":{"@id":"https:\/\/beade.es\/#website"},"datePublished":"2024-03-26T09:44:07+00:00","dateModified":"2024-03-27T08:15:48+00:00","breadcrumb":{"@id":"https:\/\/beade.es\/es\/horarios-semana-santa-2024\/#breadcrumb"},"inLanguage":"es","potentialAction":[{"@type":"ReadAction","target":["https:\/\/beade.es\/es\/horarios-semana-santa-2024\/"]}]},{"@type":"BreadcrumbList","@id":"https:\/\/beade.es\/es\/horarios-semana-santa-2024\/#breadcrumb","itemListElement":[{"@type":"ListItem","position":1,"name":"Portada","item":"https:\/\/beade.es\/es\/frontpage\/"},{"@type":"ListItem","position":2,"name":"Horarios Semana Santa 2024"}]},{"@type":"WebSite","@id":"https:\/\/beade.es\/#website","url":"https:\/\/beade.es\/","name":"Concello de Beade","description":"P\u00e1xina oficial do Concello de Beade","publisher":{"@id":"https:\/\/beade.es\/#organization"},"potentialAction":[{"@type":"SearchAction","target":{"@type":"EntryPoint","urlTemplate":"https:\/\/beade.es\/?s={search_term_string}"},"query-input":"required name=search_term_string"}],"inLanguage":"es"},{"@type":"Organization","@id":"https:\/\/beade.es\/#organization","name":"Concello de Beade","url":"https:\/\/beade.es\/","logo":{"@type":"ImageObject","inLanguage":"es","@id":"https:\/\/beade.es\/#\/schema\/logo\/image\/","url":"https:\/\/beade.es\/wp-content\/uploads\/2018\/01\/logo-beade.png","contentUrl":"https:\/\/beade.es\/wp-content\/uploads\/2018\/01\/logo-beade.png","width":380,"height":110,"caption":"Concello de Beade"},"image":{"@id":"https:\/\/beade.es\/#\/schema\/logo\/image\/"}},{"@type":"Person","@id":"https:\/\/beade.es\/#\/schema\/person\/965c7e653fc9a4298481a6bedca766bd","name":"Xestor Contidos","image":{"@type":"ImageObject","inLanguage":"es","@id":"https:\/\/beade.es\/#\/schema\/person\/image\/","url":"https:\/\/secure.gravatar.com\/avatar\/3f8d6e41ebbfe8c2ed19b505f10a08bc?s=96&d=mm&r=g","contentUrl":"https:\/\/secure.gravatar.com\/avatar\/3f8d6e41ebbfe8c2ed19b505f10a08bc?s=96&d=mm&r=g","caption":"Xestor Contidos"}}]}},"_links":{"self":[{"href":"https:\/\/beade.es\/es\/wp-json\/wp\/v2\/posts\/1534"}],"collection":[{"href":"https:\/\/beade.es\/es\/wp-json\/wp\/v2\/posts"}],"about":[{"href":"https:\/\/beade.es\/es\/wp-json\/wp\/v2\/types\/post"}],"author":[{"embeddable":true,"href":"https:\/\/beade.es\/es\/wp-json\/wp\/v2\/users\/2"}],"replies":[{"embeddable":true,"href":"https:\/\/beade.es\/es\/wp-json\/wp\/v2\/comments?post=1534"}],"version-history":[{"count":6,"href":"https:\/\/beade.es\/es\/wp-json\/wp\/v2\/posts\/1534\/revisions"}],"predecessor-version":[{"id":1556,"href":"https:\/\/beade.es\/es\/wp-json\/wp\/v2\/posts\/1534\/revisions\/1556"}],"wp:featuredmedia":[{"embeddable":true,"href":"https:\/\/beade.es\/es\/wp-json\/wp\/v2\/media\/1550"}],"wp:attachment":[{"href":"https:\/\/beade.es\/es\/wp-json\/wp\/v2\/media?parent=1534"}],"wp:term":[{"taxonomy":"category","embeddable":true,"href":"https:\/\/beade.es\/es\/wp-json\/wp\/v2\/categories?post=1534"},{"taxonomy":"post_tag","embeddable":true,"href":"https:\/\/beade.es\/es\/wp-json\/wp\/v2\/tags?post=1534"}],"curies":[{"name":"wp","href":"https:\/\/api.w.org\/{rel}","templated":true}]}}