{"id":1508,"date":"2024-03-07T14:27:58","date_gmt":"2024-03-07T13:27:58","guid":{"rendered":"https:\/\/beade.es\/clases-de-ioga-integral-en-beade\/"},"modified":"2024-03-07T14:28:58","modified_gmt":"2024-03-07T13:28:58","slug":"clases-de-ioga-integral-en-beade","status":"publish","type":"post","link":"https:\/\/beade.es\/es\/clases-de-ioga-integral-en-beade\/","title":{"rendered":"Clases de yoga integral en Beade"},"content":{"rendered":"<p>El objetivo de estas clases de YOGA INTEGRAL es que experimentes CALMA, ALEGRIA y BIENESTAR.<\/p>\n<p>A trav\u00e9s de la pr\u00e1ctica obtendr\u00e1s: reducci\u00f3n del ruido mental &#8211; alivio de tensiones y estr\u00e9s &#8211; aumento de fuerza y flexibilidad &#8211; mejorar el sue\u00f1o y la digesti\u00f3n &#8211; entrenar el foco y el disfrute del momento presente.<\/p>\n<p>Adem\u00e1s ir\u00e1s incorporando herramientas que podr\u00e1s aplicar en tu d\u00eda a d\u00eda para sentirte mejor!<\/p>\n<p>Trabajaremos con Asanas (posturas) y Pranayamas (ejercicios de respiraci\u00f3n) desde un enfoque din\u00e1mico y terap\u00e9utico. Y cada etapa de la clase nos estar\u00e1 preparando para la meditaci\u00f3n.<\/p>\n<p>Nos vemos en la esterilla!!<\/p>\n","protected":false},"excerpt":{"rendered":"<p>El objetivo de estas clases de YOGA INTEGRAL es que experimentes CALMA, ALEGRIA y BIENESTAR. A trav\u00e9s de la pr\u00e1ctica obtendr\u00e1s: reducci\u00f3n del ruido mental &#8211; alivio de tensiones y estr\u00e9s &#8211; aumento de fuerza y flexibilidad &#8211; mejorar el sue\u00f1o y la digesti\u00f3n &#8211; entrenar el foco y el disfrute del momento presente. Adem\u00e1s [&hellip;]<\/p>\n","protected":false},"author":2,"featured_media":1506,"comment_status":"closed","ping_status":"closed","sticky":false,"template":"","format":"standard","meta":[],"categories":[24],"tags":[],"yoast_head":"<!-- This site is optimized with the Yoast SEO plugin v20.10 - https:\/\/yoast.com\/wordpress\/plugins\/seo\/ -->\n<title>Clases de yoga integral en Beade | Concello de Beade<\/title>\n<meta name=\"robots\" content=\"index, follow, max-snippet:-1, max-image-preview:large, max-video-preview:-1\" \/>\n<link rel=\"canonical\" href=\"https:\/\/beade.es\/es\/clases-de-ioga-integral-en-beade\/\" \/>\n<meta property=\"og:locale\" content=\"es_ES\" \/>\n<meta property=\"og:type\" content=\"article\" \/>\n<meta property=\"og:title\" content=\"Clases de yoga integral en Beade | Concello de Beade\" \/>\n<meta property=\"og:description\" content=\"El objetivo de estas clases de YOGA INTEGRAL es que experimentes CALMA, ALEGRIA y BIENESTAR. A trav\u00e9s de la pr\u00e1ctica obtendr\u00e1s: reducci\u00f3n del ruido mental &#8211; alivio de tensiones y estr\u00e9s &#8211; aumento de fuerza y flexibilidad &#8211; mejorar el sue\u00f1o y la digesti\u00f3n &#8211; entrenar el foco y el disfrute del momento presente. Adem\u00e1s [&hellip;]\" \/>\n<meta property=\"og:url\" content=\"https:\/\/beade.es\/es\/clases-de-ioga-integral-en-beade\/\" \/>\n<meta property=\"og:site_name\" content=\"Concello de Beade\" \/>\n<meta property=\"article:published_time\" content=\"2024-03-07T13:27:58+00:00\" \/>\n<meta property=\"article:modified_time\" content=\"2024-03-07T13:28:58+00:00\" \/>\n<meta property=\"og:image\" content=\"https:\/\/beade.es\/wp-content\/uploads\/2024\/03\/Imagen-de-WhatsApp-2024-03-07-a-las-14.23.12_84ebba5c.jpg\" \/>\n\t<meta property=\"og:image:width\" content=\"1131\" \/>\n\t<meta property=\"og:image:height\" content=\"1600\" \/>\n\t<meta property=\"og:image:type\" content=\"image\/jpeg\" \/>\n<meta name=\"author\" content=\"Xestor Contidos\" \/>\n<meta name=\"twitter:card\" content=\"summary_large_image\" \/>\n<meta name=\"twitter:label1\" content=\"Escrito por\" \/>\n\t<meta name=\"twitter:data1\" content=\"Xestor Contidos\" \/>\n\t<meta name=\"twitter:label2\" content=\"Tiempo de lectura\" \/>\n\t<meta name=\"twitter:data2\" content=\"1 minuto\" \/>\n<script type=\"application\/ld+json\" class=\"yoast-schema-graph\">{\"@context\":\"https:\/\/schema.org\",\"@graph\":[{\"@type\":\"Article\",\"@id\":\"https:\/\/beade.es\/es\/clases-de-ioga-integral-en-beade\/#article\",\"isPartOf\":{\"@id\":\"https:\/\/beade.es\/es\/clases-de-ioga-integral-en-beade\/\"},\"author\":{\"name\":\"Xestor Contidos\",\"@id\":\"https:\/\/beade.es\/#\/schema\/person\/965c7e653fc9a4298481a6bedca766bd\"},\"headline\":\"Clases de yoga integral en Beade\",\"datePublished\":\"2024-03-07T13:27:58+00:00\",\"dateModified\":\"2024-03-07T13:28:58+00:00\",\"mainEntityOfPage\":{\"@id\":\"https:\/\/beade.es\/es\/clases-de-ioga-integral-en-beade\/\"},\"wordCount\":123,\"publisher\":{\"@id\":\"https:\/\/beade.es\/#organization\"},\"articleSection\":[\"Noticias\"],\"inLanguage\":\"es\"},{\"@type\":\"WebPage\",\"@id\":\"https:\/\/beade.es\/es\/clases-de-ioga-integral-en-beade\/\",\"url\":\"https:\/\/beade.es\/es\/clases-de-ioga-integral-en-beade\/\",\"name\":\"Clases de yoga integral en Beade | Concello de Beade\",\"isPartOf\":{\"@id\":\"https:\/\/beade.es\/#website\"},\"datePublished\":\"2024-03-07T13:27:58+00:00\",\"dateModified\":\"2024-03-07T13:28:58+00:00\",\"breadcrumb\":{\"@id\":\"https:\/\/beade.es\/es\/clases-de-ioga-integral-en-beade\/#breadcrumb\"},\"inLanguage\":\"es\",\"potentialAction\":[{\"@type\":\"ReadAction\",\"target\":[\"https:\/\/beade.es\/es\/clases-de-ioga-integral-en-beade\/\"]}]},{\"@type\":\"BreadcrumbList\",\"@id\":\"https:\/\/beade.es\/es\/clases-de-ioga-integral-en-beade\/#breadcrumb\",\"itemListElement\":[{\"@type\":\"ListItem\",\"position\":1,\"name\":\"Portada\",\"item\":\"https:\/\/beade.es\/es\/frontpage\/\"},{\"@type\":\"ListItem\",\"position\":2,\"name\":\"Clases de yoga integral en Beade\"}]},{\"@type\":\"WebSite\",\"@id\":\"https:\/\/beade.es\/#website\",\"url\":\"https:\/\/beade.es\/\",\"name\":\"Concello de Beade\",\"description\":\"P\u00e1xina oficial do Concello de Beade\",\"publisher\":{\"@id\":\"https:\/\/beade.es\/#organization\"},\"potentialAction\":[{\"@type\":\"SearchAction\",\"target\":{\"@type\":\"EntryPoint\",\"urlTemplate\":\"https:\/\/beade.es\/?s={search_term_string}\"},\"query-input\":\"required name=search_term_string\"}],\"inLanguage\":\"es\"},{\"@type\":\"Organization\",\"@id\":\"https:\/\/beade.es\/#organization\",\"name\":\"Concello de Beade\",\"url\":\"https:\/\/beade.es\/\",\"logo\":{\"@type\":\"ImageObject\",\"inLanguage\":\"es\",\"@id\":\"https:\/\/beade.es\/#\/schema\/logo\/image\/\",\"url\":\"https:\/\/beade.es\/wp-content\/uploads\/2018\/01\/logo-beade.png\",\"contentUrl\":\"https:\/\/beade.es\/wp-content\/uploads\/2018\/01\/logo-beade.png\",\"width\":380,\"height\":110,\"caption\":\"Concello de Beade\"},\"image\":{\"@id\":\"https:\/\/beade.es\/#\/schema\/logo\/image\/\"}},{\"@type\":\"Person\",\"@id\":\"https:\/\/beade.es\/#\/schema\/person\/965c7e653fc9a4298481a6bedca766bd\",\"name\":\"Xestor Contidos\",\"image\":{\"@type\":\"ImageObject\",\"inLanguage\":\"es\",\"@id\":\"https:\/\/beade.es\/#\/schema\/person\/image\/\",\"url\":\"https:\/\/secure.gravatar.com\/avatar\/3f8d6e41ebbfe8c2ed19b505f10a08bc?s=96&d=mm&r=g\",\"contentUrl\":\"https:\/\/secure.gravatar.com\/avatar\/3f8d6e41ebbfe8c2ed19b505f10a08bc?s=96&d=mm&r=g\",\"caption\":\"Xestor Contidos\"}}]}<\/script>\n<!-- \/ Yoast SEO plugin. -->","yoast_head_json":{"title":"Clases de yoga integral en Beade | Concello de Beade","robots":{"index":"index","follow":"follow","max-snippet":"max-snippet:-1","max-image-preview":"max-image-preview:large","max-video-preview":"max-video-preview:-1"},"canonical":"https:\/\/beade.es\/es\/clases-de-ioga-integral-en-beade\/","og_locale":"es_ES","og_type":"article","og_title":"Clases de yoga integral en Beade | Concello de Beade","og_description":"El objetivo de estas clases de YOGA INTEGRAL es que experimentes CALMA, ALEGRIA y BIENESTAR. A trav\u00e9s de la pr\u00e1ctica obtendr\u00e1s: reducci\u00f3n del ruido mental &#8211; alivio de tensiones y estr\u00e9s &#8211; aumento de fuerza y flexibilidad &#8211; mejorar el sue\u00f1o y la digesti\u00f3n &#8211; entrenar el foco y el disfrute del momento presente. Adem\u00e1s [&hellip;]","og_url":"https:\/\/beade.es\/es\/clases-de-ioga-integral-en-beade\/","og_site_name":"Concello de Beade","article_published_time":"2024-03-07T13:27:58+00:00","article_modified_time":"2024-03-07T13:28:58+00:00","og_image":[{"width":1131,"height":1600,"url":"https:\/\/beade.es\/wp-content\/uploads\/2024\/03\/Imagen-de-WhatsApp-2024-03-07-a-las-14.23.12_84ebba5c.jpg","type":"image\/jpeg"}],"author":"Xestor Contidos","twitter_card":"summary_large_image","twitter_misc":{"Escrito por":"Xestor Contidos","Tiempo de lectura":"1 minuto"},"schema":{"@context":"https:\/\/schema.org","@graph":[{"@type":"Article","@id":"https:\/\/beade.es\/es\/clases-de-ioga-integral-en-beade\/#article","isPartOf":{"@id":"https:\/\/beade.es\/es\/clases-de-ioga-integral-en-beade\/"},"author":{"name":"Xestor Contidos","@id":"https:\/\/beade.es\/#\/schema\/person\/965c7e653fc9a4298481a6bedca766bd"},"headline":"Clases de yoga integral en Beade","datePublished":"2024-03-07T13:27:58+00:00","dateModified":"2024-03-07T13:28:58+00:00","mainEntityOfPage":{"@id":"https:\/\/beade.es\/es\/clases-de-ioga-integral-en-beade\/"},"wordCount":123,"publisher":{"@id":"https:\/\/beade.es\/#organization"},"articleSection":["Noticias"],"inLanguage":"es"},{"@type":"WebPage","@id":"https:\/\/beade.es\/es\/clases-de-ioga-integral-en-beade\/","url":"https:\/\/beade.es\/es\/clases-de-ioga-integral-en-beade\/","name":"Clases de yoga integral en Beade | Concello de Beade","isPartOf":{"@id":"https:\/\/beade.es\/#website"},"datePublished":"2024-03-07T13:27:58+00:00","dateModified":"2024-03-07T13:28:58+00:00","breadcrumb":{"@id":"https:\/\/beade.es\/es\/clases-de-ioga-integral-en-beade\/#breadcrumb"},"inLanguage":"es","potentialAction":[{"@type":"ReadAction","target":["https:\/\/beade.es\/es\/clases-de-ioga-integral-en-beade\/"]}]},{"@type":"BreadcrumbList","@id":"https:\/\/beade.es\/es\/clases-de-ioga-integral-en-beade\/#breadcrumb","itemListElement":[{"@type":"ListItem","position":1,"name":"Portada","item":"https:\/\/beade.es\/es\/frontpage\/"},{"@type":"ListItem","position":2,"name":"Clases de yoga integral en Beade"}]},{"@type":"WebSite","@id":"https:\/\/beade.es\/#website","url":"https:\/\/beade.es\/","name":"Concello de Beade","description":"P\u00e1xina oficial do Concello de Beade","publisher":{"@id":"https:\/\/beade.es\/#organization"},"potentialAction":[{"@type":"SearchAction","target":{"@type":"EntryPoint","urlTemplate":"https:\/\/beade.es\/?s={search_term_string}"},"query-input":"required name=search_term_string"}],"inLanguage":"es"},{"@type":"Organization","@id":"https:\/\/beade.es\/#organization","name":"Concello de Beade","url":"https:\/\/beade.es\/","logo":{"@type":"ImageObject","inLanguage":"es","@id":"https:\/\/beade.es\/#\/schema\/logo\/image\/","url":"https:\/\/beade.es\/wp-content\/uploads\/2018\/01\/logo-beade.png","contentUrl":"https:\/\/beade.es\/wp-content\/uploads\/2018\/01\/logo-beade.png","width":380,"height":110,"caption":"Concello de Beade"},"image":{"@id":"https:\/\/beade.es\/#\/schema\/logo\/image\/"}},{"@type":"Person","@id":"https:\/\/beade.es\/#\/schema\/person\/965c7e653fc9a4298481a6bedca766bd","name":"Xestor Contidos","image":{"@type":"ImageObject","inLanguage":"es","@id":"https:\/\/beade.es\/#\/schema\/person\/image\/","url":"https:\/\/secure.gravatar.com\/avatar\/3f8d6e41ebbfe8c2ed19b505f10a08bc?s=96&d=mm&r=g","contentUrl":"https:\/\/secure.gravatar.com\/avatar\/3f8d6e41ebbfe8c2ed19b505f10a08bc?s=96&d=mm&r=g","caption":"Xestor Contidos"}}]}},"_links":{"self":[{"href":"https:\/\/beade.es\/es\/wp-json\/wp\/v2\/posts\/1508"}],"collection":[{"href":"https:\/\/beade.es\/es\/wp-json\/wp\/v2\/posts"}],"about":[{"href":"https:\/\/beade.es\/es\/wp-json\/wp\/v2\/types\/post"}],"author":[{"embeddable":true,"href":"https:\/\/beade.es\/es\/wp-json\/wp\/v2\/users\/2"}],"replies":[{"embeddable":true,"href":"https:\/\/beade.es\/es\/wp-json\/wp\/v2\/comments?post=1508"}],"version-history":[{"count":1,"href":"https:\/\/beade.es\/es\/wp-json\/wp\/v2\/posts\/1508\/revisions"}],"predecessor-version":[{"id":1509,"href":"https:\/\/beade.es\/es\/wp-json\/wp\/v2\/posts\/1508\/revisions\/1509"}],"wp:featuredmedia":[{"embeddable":true,"href":"https:\/\/beade.es\/es\/wp-json\/wp\/v2\/media\/1506"}],"wp:attachment":[{"href":"https:\/\/beade.es\/es\/wp-json\/wp\/v2\/media?parent=1508"}],"wp:term":[{"taxonomy":"category","embeddable":true,"href":"https:\/\/beade.es\/es\/wp-json\/wp\/v2\/categories?post=1508"},{"taxonomy":"post_tag","embeddable":true,"href":"https:\/\/beade.es\/es\/wp-json\/wp\/v2\/tags?post=1508"}],"curies":[{"name":"wp","href":"https:\/\/api.w.org\/{rel}","templated":true}]}}