{"id":1450,"date":"2023-12-19T09:47:32","date_gmt":"2023-12-19T08:47:32","guid":{"rendered":"https:\/\/beade.es\/subvencion-da-deputacion-de-ourense-para-organizacion-de-actividades-fisico-deportivas-2023\/"},"modified":"2023-12-19T09:48:23","modified_gmt":"2023-12-19T08:48:23","slug":"subvencion-da-deputacion-de-ourense-para-organizacion-de-actividades-fisico-deportivas-2023","status":"publish","type":"post","link":"https:\/\/beade.es\/es\/subvencion-da-deputacion-de-ourense-para-organizacion-de-actividades-fisico-deportivas-2023\/","title":{"rendered":"Subvenci\u00f3n de la Diputaci\u00f3n de Ourense para organizaci\u00f3n de actividades f\u00edsico-deportivas 2023"},"content":{"rendered":"<p>Se informa que, de acuerdo con las bases reguladoras publicadas en el BOP de Ourense del pasado 1 de septiembre de 2023 para la concesi\u00f3n de subvenciones a Ayuntamientos para la organizaci\u00f3n de actividades f\u00edsico deportivas en 2023, el Concello de Beade fue beneficiario de una cuant\u00eda de 1.028 \u20ac para la organizaci\u00f3n del \u00abcampamento joven de actividades f\u00edsico-deportivas 2023\u00bb.<\/p>\n","protected":false},"excerpt":{"rendered":"<p>Se informa que, de acuerdo con las bases reguladoras publicadas en el BOP de Ourense del pasado 1 de septiembre de 2023 para la concesi\u00f3n de subvenciones a Ayuntamientos para la organizaci\u00f3n de actividades f\u00edsico deportivas en 2023, el Concello de Beade fue beneficiario de una cuant\u00eda de 1.028 \u20ac para la organizaci\u00f3n del \u00abcampamento [&hellip;]<\/p>\n","protected":false},"author":2,"featured_media":1448,"comment_status":"closed","ping_status":"closed","sticky":false,"template":"","format":"standard","meta":[],"categories":[24],"tags":[],"yoast_head":"<!-- This site is optimized with the Yoast SEO plugin v20.10 - https:\/\/yoast.com\/wordpress\/plugins\/seo\/ -->\n<title>Subvenci\u00f3n de la Diputaci\u00f3n de Ourense para organizaci\u00f3n de actividades f\u00edsico-deportivas 2023 | Concello de Beade<\/title>\n<meta name=\"robots\" content=\"index, follow, max-snippet:-1, max-image-preview:large, max-video-preview:-1\" \/>\n<link rel=\"canonical\" href=\"https:\/\/beade.es\/es\/subvencion-da-deputacion-de-ourense-para-organizacion-de-actividades-fisico-deportivas-2023\/\" \/>\n<meta property=\"og:locale\" content=\"es_ES\" \/>\n<meta property=\"og:type\" content=\"article\" \/>\n<meta property=\"og:title\" content=\"Subvenci\u00f3n de la Diputaci\u00f3n de Ourense para organizaci\u00f3n de actividades f\u00edsico-deportivas 2023 | Concello de Beade\" \/>\n<meta property=\"og:description\" content=\"Se informa que, de acuerdo con las bases reguladoras publicadas en el BOP de Ourense del pasado 1 de septiembre de 2023 para la concesi\u00f3n de subvenciones a Ayuntamientos para la organizaci\u00f3n de actividades f\u00edsico deportivas en 2023, el Concello de Beade fue beneficiario de una cuant\u00eda de 1.028 \u20ac para la organizaci\u00f3n del \u00abcampamento [&hellip;]\" \/>\n<meta property=\"og:url\" content=\"https:\/\/beade.es\/es\/subvencion-da-deputacion-de-ourense-para-organizacion-de-actividades-fisico-deportivas-2023\/\" \/>\n<meta property=\"og:site_name\" content=\"Concello de Beade\" \/>\n<meta property=\"article:published_time\" content=\"2023-12-19T08:47:32+00:00\" \/>\n<meta property=\"article:modified_time\" content=\"2023-12-19T08:48:23+00:00\" \/>\n<meta property=\"og:image\" content=\"https:\/\/beade.es\/wp-content\/uploads\/2023\/12\/diputacion_ourense.jpg\" \/>\n\t<meta property=\"og:image:width\" content=\"640\" \/>\n\t<meta property=\"og:image:height\" content=\"360\" \/>\n\t<meta property=\"og:image:type\" content=\"image\/jpeg\" \/>\n<meta name=\"author\" content=\"Xestor Contidos\" \/>\n<meta name=\"twitter:card\" content=\"summary_large_image\" \/>\n<meta name=\"twitter:label1\" content=\"Escrito por\" \/>\n\t<meta name=\"twitter:data1\" content=\"Xestor Contidos\" \/>\n\t<meta name=\"twitter:label2\" content=\"Tiempo de lectura\" \/>\n\t<meta name=\"twitter:data2\" content=\"1 minuto\" \/>\n<script type=\"application\/ld+json\" class=\"yoast-schema-graph\">{\"@context\":\"https:\/\/schema.org\",\"@graph\":[{\"@type\":\"Article\",\"@id\":\"https:\/\/beade.es\/es\/subvencion-da-deputacion-de-ourense-para-organizacion-de-actividades-fisico-deportivas-2023\/#article\",\"isPartOf\":{\"@id\":\"https:\/\/beade.es\/es\/subvencion-da-deputacion-de-ourense-para-organizacion-de-actividades-fisico-deportivas-2023\/\"},\"author\":{\"name\":\"Xestor Contidos\",\"@id\":\"https:\/\/beade.es\/#\/schema\/person\/965c7e653fc9a4298481a6bedca766bd\"},\"headline\":\"Subvenci\u00f3n de la Diputaci\u00f3n de Ourense para organizaci\u00f3n de actividades f\u00edsico-deportivas 2023\",\"datePublished\":\"2023-12-19T08:47:32+00:00\",\"dateModified\":\"2023-12-19T08:48:23+00:00\",\"mainEntityOfPage\":{\"@id\":\"https:\/\/beade.es\/es\/subvencion-da-deputacion-de-ourense-para-organizacion-de-actividades-fisico-deportivas-2023\/\"},\"wordCount\":75,\"publisher\":{\"@id\":\"https:\/\/beade.es\/#organization\"},\"articleSection\":[\"Noticias\"],\"inLanguage\":\"es\"},{\"@type\":\"WebPage\",\"@id\":\"https:\/\/beade.es\/es\/subvencion-da-deputacion-de-ourense-para-organizacion-de-actividades-fisico-deportivas-2023\/\",\"url\":\"https:\/\/beade.es\/es\/subvencion-da-deputacion-de-ourense-para-organizacion-de-actividades-fisico-deportivas-2023\/\",\"name\":\"Subvenci\u00f3n de la Diputaci\u00f3n de Ourense para organizaci\u00f3n de actividades f\u00edsico-deportivas 2023 | Concello de Beade\",\"isPartOf\":{\"@id\":\"https:\/\/beade.es\/#website\"},\"datePublished\":\"2023-12-19T08:47:32+00:00\",\"dateModified\":\"2023-12-19T08:48:23+00:00\",\"breadcrumb\":{\"@id\":\"https:\/\/beade.es\/es\/subvencion-da-deputacion-de-ourense-para-organizacion-de-actividades-fisico-deportivas-2023\/#breadcrumb\"},\"inLanguage\":\"es\",\"potentialAction\":[{\"@type\":\"ReadAction\",\"target\":[\"https:\/\/beade.es\/es\/subvencion-da-deputacion-de-ourense-para-organizacion-de-actividades-fisico-deportivas-2023\/\"]}]},{\"@type\":\"BreadcrumbList\",\"@id\":\"https:\/\/beade.es\/es\/subvencion-da-deputacion-de-ourense-para-organizacion-de-actividades-fisico-deportivas-2023\/#breadcrumb\",\"itemListElement\":[{\"@type\":\"ListItem\",\"position\":1,\"name\":\"Portada\",\"item\":\"https:\/\/beade.es\/es\/frontpage\/\"},{\"@type\":\"ListItem\",\"position\":2,\"name\":\"Subvenci\u00f3n de la Diputaci\u00f3n de Ourense para organizaci\u00f3n de actividades f\u00edsico-deportivas 2023\"}]},{\"@type\":\"WebSite\",\"@id\":\"https:\/\/beade.es\/#website\",\"url\":\"https:\/\/beade.es\/\",\"name\":\"Concello de Beade\",\"description\":\"P\u00e1xina oficial do Concello de Beade\",\"publisher\":{\"@id\":\"https:\/\/beade.es\/#organization\"},\"potentialAction\":[{\"@type\":\"SearchAction\",\"target\":{\"@type\":\"EntryPoint\",\"urlTemplate\":\"https:\/\/beade.es\/?s={search_term_string}\"},\"query-input\":\"required name=search_term_string\"}],\"inLanguage\":\"es\"},{\"@type\":\"Organization\",\"@id\":\"https:\/\/beade.es\/#organization\",\"name\":\"Concello de Beade\",\"url\":\"https:\/\/beade.es\/\",\"logo\":{\"@type\":\"ImageObject\",\"inLanguage\":\"es\",\"@id\":\"https:\/\/beade.es\/#\/schema\/logo\/image\/\",\"url\":\"https:\/\/beade.es\/wp-content\/uploads\/2018\/01\/logo-beade.png\",\"contentUrl\":\"https:\/\/beade.es\/wp-content\/uploads\/2018\/01\/logo-beade.png\",\"width\":380,\"height\":110,\"caption\":\"Concello de Beade\"},\"image\":{\"@id\":\"https:\/\/beade.es\/#\/schema\/logo\/image\/\"}},{\"@type\":\"Person\",\"@id\":\"https:\/\/beade.es\/#\/schema\/person\/965c7e653fc9a4298481a6bedca766bd\",\"name\":\"Xestor Contidos\",\"image\":{\"@type\":\"ImageObject\",\"inLanguage\":\"es\",\"@id\":\"https:\/\/beade.es\/#\/schema\/person\/image\/\",\"url\":\"https:\/\/secure.gravatar.com\/avatar\/3f8d6e41ebbfe8c2ed19b505f10a08bc?s=96&d=mm&r=g\",\"contentUrl\":\"https:\/\/secure.gravatar.com\/avatar\/3f8d6e41ebbfe8c2ed19b505f10a08bc?s=96&d=mm&r=g\",\"caption\":\"Xestor Contidos\"}}]}<\/script>\n<!-- \/ Yoast SEO plugin. -->","yoast_head_json":{"title":"Subvenci\u00f3n de la Diputaci\u00f3n de Ourense para organizaci\u00f3n de actividades f\u00edsico-deportivas 2023 | Concello de Beade","robots":{"index":"index","follow":"follow","max-snippet":"max-snippet:-1","max-image-preview":"max-image-preview:large","max-video-preview":"max-video-preview:-1"},"canonical":"https:\/\/beade.es\/es\/subvencion-da-deputacion-de-ourense-para-organizacion-de-actividades-fisico-deportivas-2023\/","og_locale":"es_ES","og_type":"article","og_title":"Subvenci\u00f3n de la Diputaci\u00f3n de Ourense para organizaci\u00f3n de actividades f\u00edsico-deportivas 2023 | Concello de Beade","og_description":"Se informa que, de acuerdo con las bases reguladoras publicadas en el BOP de Ourense del pasado 1 de septiembre de 2023 para la concesi\u00f3n de subvenciones a Ayuntamientos para la organizaci\u00f3n de actividades f\u00edsico deportivas en 2023, el Concello de Beade fue beneficiario de una cuant\u00eda de 1.028 \u20ac para la organizaci\u00f3n del \u00abcampamento [&hellip;]","og_url":"https:\/\/beade.es\/es\/subvencion-da-deputacion-de-ourense-para-organizacion-de-actividades-fisico-deportivas-2023\/","og_site_name":"Concello de Beade","article_published_time":"2023-12-19T08:47:32+00:00","article_modified_time":"2023-12-19T08:48:23+00:00","og_image":[{"width":640,"height":360,"url":"https:\/\/beade.es\/wp-content\/uploads\/2023\/12\/diputacion_ourense.jpg","type":"image\/jpeg"}],"author":"Xestor Contidos","twitter_card":"summary_large_image","twitter_misc":{"Escrito por":"Xestor Contidos","Tiempo de lectura":"1 minuto"},"schema":{"@context":"https:\/\/schema.org","@graph":[{"@type":"Article","@id":"https:\/\/beade.es\/es\/subvencion-da-deputacion-de-ourense-para-organizacion-de-actividades-fisico-deportivas-2023\/#article","isPartOf":{"@id":"https:\/\/beade.es\/es\/subvencion-da-deputacion-de-ourense-para-organizacion-de-actividades-fisico-deportivas-2023\/"},"author":{"name":"Xestor Contidos","@id":"https:\/\/beade.es\/#\/schema\/person\/965c7e653fc9a4298481a6bedca766bd"},"headline":"Subvenci\u00f3n de la Diputaci\u00f3n de Ourense para organizaci\u00f3n de actividades f\u00edsico-deportivas 2023","datePublished":"2023-12-19T08:47:32+00:00","dateModified":"2023-12-19T08:48:23+00:00","mainEntityOfPage":{"@id":"https:\/\/beade.es\/es\/subvencion-da-deputacion-de-ourense-para-organizacion-de-actividades-fisico-deportivas-2023\/"},"wordCount":75,"publisher":{"@id":"https:\/\/beade.es\/#organization"},"articleSection":["Noticias"],"inLanguage":"es"},{"@type":"WebPage","@id":"https:\/\/beade.es\/es\/subvencion-da-deputacion-de-ourense-para-organizacion-de-actividades-fisico-deportivas-2023\/","url":"https:\/\/beade.es\/es\/subvencion-da-deputacion-de-ourense-para-organizacion-de-actividades-fisico-deportivas-2023\/","name":"Subvenci\u00f3n de la Diputaci\u00f3n de Ourense para organizaci\u00f3n de actividades f\u00edsico-deportivas 2023 | Concello de Beade","isPartOf":{"@id":"https:\/\/beade.es\/#website"},"datePublished":"2023-12-19T08:47:32+00:00","dateModified":"2023-12-19T08:48:23+00:00","breadcrumb":{"@id":"https:\/\/beade.es\/es\/subvencion-da-deputacion-de-ourense-para-organizacion-de-actividades-fisico-deportivas-2023\/#breadcrumb"},"inLanguage":"es","potentialAction":[{"@type":"ReadAction","target":["https:\/\/beade.es\/es\/subvencion-da-deputacion-de-ourense-para-organizacion-de-actividades-fisico-deportivas-2023\/"]}]},{"@type":"BreadcrumbList","@id":"https:\/\/beade.es\/es\/subvencion-da-deputacion-de-ourense-para-organizacion-de-actividades-fisico-deportivas-2023\/#breadcrumb","itemListElement":[{"@type":"ListItem","position":1,"name":"Portada","item":"https:\/\/beade.es\/es\/frontpage\/"},{"@type":"ListItem","position":2,"name":"Subvenci\u00f3n de la Diputaci\u00f3n de Ourense para organizaci\u00f3n de actividades f\u00edsico-deportivas 2023"}]},{"@type":"WebSite","@id":"https:\/\/beade.es\/#website","url":"https:\/\/beade.es\/","name":"Concello de Beade","description":"P\u00e1xina oficial do Concello de Beade","publisher":{"@id":"https:\/\/beade.es\/#organization"},"potentialAction":[{"@type":"SearchAction","target":{"@type":"EntryPoint","urlTemplate":"https:\/\/beade.es\/?s={search_term_string}"},"query-input":"required name=search_term_string"}],"inLanguage":"es"},{"@type":"Organization","@id":"https:\/\/beade.es\/#organization","name":"Concello de Beade","url":"https:\/\/beade.es\/","logo":{"@type":"ImageObject","inLanguage":"es","@id":"https:\/\/beade.es\/#\/schema\/logo\/image\/","url":"https:\/\/beade.es\/wp-content\/uploads\/2018\/01\/logo-beade.png","contentUrl":"https:\/\/beade.es\/wp-content\/uploads\/2018\/01\/logo-beade.png","width":380,"height":110,"caption":"Concello de Beade"},"image":{"@id":"https:\/\/beade.es\/#\/schema\/logo\/image\/"}},{"@type":"Person","@id":"https:\/\/beade.es\/#\/schema\/person\/965c7e653fc9a4298481a6bedca766bd","name":"Xestor Contidos","image":{"@type":"ImageObject","inLanguage":"es","@id":"https:\/\/beade.es\/#\/schema\/person\/image\/","url":"https:\/\/secure.gravatar.com\/avatar\/3f8d6e41ebbfe8c2ed19b505f10a08bc?s=96&d=mm&r=g","contentUrl":"https:\/\/secure.gravatar.com\/avatar\/3f8d6e41ebbfe8c2ed19b505f10a08bc?s=96&d=mm&r=g","caption":"Xestor Contidos"}}]}},"_links":{"self":[{"href":"https:\/\/beade.es\/es\/wp-json\/wp\/v2\/posts\/1450"}],"collection":[{"href":"https:\/\/beade.es\/es\/wp-json\/wp\/v2\/posts"}],"about":[{"href":"https:\/\/beade.es\/es\/wp-json\/wp\/v2\/types\/post"}],"author":[{"embeddable":true,"href":"https:\/\/beade.es\/es\/wp-json\/wp\/v2\/users\/2"}],"replies":[{"embeddable":true,"href":"https:\/\/beade.es\/es\/wp-json\/wp\/v2\/comments?post=1450"}],"version-history":[{"count":1,"href":"https:\/\/beade.es\/es\/wp-json\/wp\/v2\/posts\/1450\/revisions"}],"predecessor-version":[{"id":1451,"href":"https:\/\/beade.es\/es\/wp-json\/wp\/v2\/posts\/1450\/revisions\/1451"}],"wp:featuredmedia":[{"embeddable":true,"href":"https:\/\/beade.es\/es\/wp-json\/wp\/v2\/media\/1448"}],"wp:attachment":[{"href":"https:\/\/beade.es\/es\/wp-json\/wp\/v2\/media?parent=1450"}],"wp:term":[{"taxonomy":"category","embeddable":true,"href":"https:\/\/beade.es\/es\/wp-json\/wp\/v2\/categories?post=1450"},{"taxonomy":"post_tag","embeddable":true,"href":"https:\/\/beade.es\/es\/wp-json\/wp\/v2\/tags?post=1450"}],"curies":[{"name":"wp","href":"https:\/\/api.w.org\/{rel}","templated":true}]}}