{"id":1414,"date":"2023-10-26T14:25:11","date_gmt":"2023-10-26T12:25:11","guid":{"rendered":"https:\/\/beade.es\/?p=1414"},"modified":"2023-10-26T14:27:04","modified_gmt":"2023-10-26T12:27:04","slug":"actualizacion-consulta-popular","status":"publish","type":"post","link":"https:\/\/beade.es\/es\/actualizacion-consulta-popular\/","title":{"rendered":"Actualizaci\u00f3n consulta popular"},"content":{"rendered":"<p>Tras considerar informes jur\u00eddicos al respecto, se informa que la Alcald\u00eda del Ayuntamiento de Beade ha decidido suspender la consulta popular relativa al cambio de nombre de la Calle Caudillo. Se est\u00e1n estudiando alternativas para poder conocer la opini\u00f3n vecinal siguiendo los tr\u00e1mites legales oportunos.<\/p>\n","protected":false},"excerpt":{"rendered":"<p>Tras considerar informes jur\u00eddicos al respecto, se informa que la Alcald\u00eda del Ayuntamiento de Beade ha decidido suspender la consulta popular relativa al cambio de nombre de la Calle Caudillo. Se est\u00e1n estudiando alternativas para poder conocer la opini\u00f3n vecinal siguiendo los tr\u00e1mites legales oportunos.<\/p>\n","protected":false},"author":2,"featured_media":1415,"comment_status":"closed","ping_status":"closed","sticky":false,"template":"","format":"standard","meta":[],"categories":[24],"tags":[],"yoast_head":"<!-- This site is optimized with the Yoast SEO plugin v20.10 - https:\/\/yoast.com\/wordpress\/plugins\/seo\/ -->\n<title>Actualizaci\u00f3n consulta popular | Concello de Beade<\/title>\n<meta name=\"robots\" content=\"index, follow, max-snippet:-1, max-image-preview:large, max-video-preview:-1\" \/>\n<link rel=\"canonical\" href=\"https:\/\/beade.es\/es\/actualizacion-consulta-popular\/\" \/>\n<meta property=\"og:locale\" content=\"es_ES\" \/>\n<meta property=\"og:type\" content=\"article\" \/>\n<meta property=\"og:title\" content=\"Actualizaci\u00f3n consulta popular | Concello de Beade\" \/>\n<meta property=\"og:description\" content=\"Tras considerar informes jur\u00eddicos al respecto, se informa que la Alcald\u00eda del Ayuntamiento de Beade ha decidido suspender la consulta popular relativa al cambio de nombre de la Calle Caudillo. Se est\u00e1n estudiando alternativas para poder conocer la opini\u00f3n vecinal siguiendo los tr\u00e1mites legales oportunos.\" \/>\n<meta property=\"og:url\" content=\"https:\/\/beade.es\/es\/actualizacion-consulta-popular\/\" \/>\n<meta property=\"og:site_name\" content=\"Concello de Beade\" \/>\n<meta property=\"article:published_time\" content=\"2023-10-26T12:25:11+00:00\" \/>\n<meta property=\"article:modified_time\" content=\"2023-10-26T12:27:04+00:00\" \/>\n<meta property=\"og:image\" content=\"https:\/\/beade.es\/wp-content\/uploads\/2023\/10\/Imagen-de-WhatsApp-2023-10-24-a-las-12.13.26_0bf473ea.jpg\" \/>\n\t<meta property=\"og:image:width\" content=\"1024\" \/>\n\t<meta property=\"og:image:height\" content=\"768\" \/>\n\t<meta property=\"og:image:type\" content=\"image\/jpeg\" \/>\n<meta name=\"author\" content=\"Xestor Contidos\" \/>\n<meta name=\"twitter:card\" content=\"summary_large_image\" \/>\n<meta name=\"twitter:label1\" content=\"Escrito por\" \/>\n\t<meta name=\"twitter:data1\" content=\"Xestor Contidos\" \/>\n\t<meta name=\"twitter:label2\" content=\"Tiempo de lectura\" \/>\n\t<meta name=\"twitter:data2\" content=\"1 minuto\" \/>\n<script type=\"application\/ld+json\" class=\"yoast-schema-graph\">{\"@context\":\"https:\/\/schema.org\",\"@graph\":[{\"@type\":\"Article\",\"@id\":\"https:\/\/beade.es\/es\/actualizacion-consulta-popular\/#article\",\"isPartOf\":{\"@id\":\"https:\/\/beade.es\/es\/actualizacion-consulta-popular\/\"},\"author\":{\"name\":\"Xestor Contidos\",\"@id\":\"https:\/\/beade.es\/#\/schema\/person\/965c7e653fc9a4298481a6bedca766bd\"},\"headline\":\"Actualizaci\u00f3n consulta popular\",\"datePublished\":\"2023-10-26T12:25:11+00:00\",\"dateModified\":\"2023-10-26T12:27:04+00:00\",\"mainEntityOfPage\":{\"@id\":\"https:\/\/beade.es\/es\/actualizacion-consulta-popular\/\"},\"wordCount\":54,\"publisher\":{\"@id\":\"https:\/\/beade.es\/#organization\"},\"articleSection\":[\"Noticias\"],\"inLanguage\":\"es\"},{\"@type\":\"WebPage\",\"@id\":\"https:\/\/beade.es\/es\/actualizacion-consulta-popular\/\",\"url\":\"https:\/\/beade.es\/es\/actualizacion-consulta-popular\/\",\"name\":\"Actualizaci\u00f3n consulta popular | Concello de Beade\",\"isPartOf\":{\"@id\":\"https:\/\/beade.es\/#website\"},\"datePublished\":\"2023-10-26T12:25:11+00:00\",\"dateModified\":\"2023-10-26T12:27:04+00:00\",\"breadcrumb\":{\"@id\":\"https:\/\/beade.es\/es\/actualizacion-consulta-popular\/#breadcrumb\"},\"inLanguage\":\"es\",\"potentialAction\":[{\"@type\":\"ReadAction\",\"target\":[\"https:\/\/beade.es\/es\/actualizacion-consulta-popular\/\"]}]},{\"@type\":\"BreadcrumbList\",\"@id\":\"https:\/\/beade.es\/es\/actualizacion-consulta-popular\/#breadcrumb\",\"itemListElement\":[{\"@type\":\"ListItem\",\"position\":1,\"name\":\"Portada\",\"item\":\"https:\/\/beade.es\/es\/frontpage\/\"},{\"@type\":\"ListItem\",\"position\":2,\"name\":\"Actualizaci\u00f3n consulta popular\"}]},{\"@type\":\"WebSite\",\"@id\":\"https:\/\/beade.es\/#website\",\"url\":\"https:\/\/beade.es\/\",\"name\":\"Concello de Beade\",\"description\":\"P\u00e1xina oficial do Concello de Beade\",\"publisher\":{\"@id\":\"https:\/\/beade.es\/#organization\"},\"potentialAction\":[{\"@type\":\"SearchAction\",\"target\":{\"@type\":\"EntryPoint\",\"urlTemplate\":\"https:\/\/beade.es\/?s={search_term_string}\"},\"query-input\":\"required name=search_term_string\"}],\"inLanguage\":\"es\"},{\"@type\":\"Organization\",\"@id\":\"https:\/\/beade.es\/#organization\",\"name\":\"Concello de Beade\",\"url\":\"https:\/\/beade.es\/\",\"logo\":{\"@type\":\"ImageObject\",\"inLanguage\":\"es\",\"@id\":\"https:\/\/beade.es\/#\/schema\/logo\/image\/\",\"url\":\"https:\/\/beade.es\/wp-content\/uploads\/2018\/01\/logo-beade.png\",\"contentUrl\":\"https:\/\/beade.es\/wp-content\/uploads\/2018\/01\/logo-beade.png\",\"width\":380,\"height\":110,\"caption\":\"Concello de Beade\"},\"image\":{\"@id\":\"https:\/\/beade.es\/#\/schema\/logo\/image\/\"}},{\"@type\":\"Person\",\"@id\":\"https:\/\/beade.es\/#\/schema\/person\/965c7e653fc9a4298481a6bedca766bd\",\"name\":\"Xestor Contidos\",\"image\":{\"@type\":\"ImageObject\",\"inLanguage\":\"es\",\"@id\":\"https:\/\/beade.es\/#\/schema\/person\/image\/\",\"url\":\"https:\/\/secure.gravatar.com\/avatar\/3f8d6e41ebbfe8c2ed19b505f10a08bc?s=96&d=mm&r=g\",\"contentUrl\":\"https:\/\/secure.gravatar.com\/avatar\/3f8d6e41ebbfe8c2ed19b505f10a08bc?s=96&d=mm&r=g\",\"caption\":\"Xestor Contidos\"}}]}<\/script>\n<!-- \/ Yoast SEO plugin. -->","yoast_head_json":{"title":"Actualizaci\u00f3n consulta popular | Concello de Beade","robots":{"index":"index","follow":"follow","max-snippet":"max-snippet:-1","max-image-preview":"max-image-preview:large","max-video-preview":"max-video-preview:-1"},"canonical":"https:\/\/beade.es\/es\/actualizacion-consulta-popular\/","og_locale":"es_ES","og_type":"article","og_title":"Actualizaci\u00f3n consulta popular | Concello de Beade","og_description":"Tras considerar informes jur\u00eddicos al respecto, se informa que la Alcald\u00eda del Ayuntamiento de Beade ha decidido suspender la consulta popular relativa al cambio de nombre de la Calle Caudillo. Se est\u00e1n estudiando alternativas para poder conocer la opini\u00f3n vecinal siguiendo los tr\u00e1mites legales oportunos.","og_url":"https:\/\/beade.es\/es\/actualizacion-consulta-popular\/","og_site_name":"Concello de Beade","article_published_time":"2023-10-26T12:25:11+00:00","article_modified_time":"2023-10-26T12:27:04+00:00","og_image":[{"width":1024,"height":768,"url":"https:\/\/beade.es\/wp-content\/uploads\/2023\/10\/Imagen-de-WhatsApp-2023-10-24-a-las-12.13.26_0bf473ea.jpg","type":"image\/jpeg"}],"author":"Xestor Contidos","twitter_card":"summary_large_image","twitter_misc":{"Escrito por":"Xestor Contidos","Tiempo de lectura":"1 minuto"},"schema":{"@context":"https:\/\/schema.org","@graph":[{"@type":"Article","@id":"https:\/\/beade.es\/es\/actualizacion-consulta-popular\/#article","isPartOf":{"@id":"https:\/\/beade.es\/es\/actualizacion-consulta-popular\/"},"author":{"name":"Xestor Contidos","@id":"https:\/\/beade.es\/#\/schema\/person\/965c7e653fc9a4298481a6bedca766bd"},"headline":"Actualizaci\u00f3n consulta popular","datePublished":"2023-10-26T12:25:11+00:00","dateModified":"2023-10-26T12:27:04+00:00","mainEntityOfPage":{"@id":"https:\/\/beade.es\/es\/actualizacion-consulta-popular\/"},"wordCount":54,"publisher":{"@id":"https:\/\/beade.es\/#organization"},"articleSection":["Noticias"],"inLanguage":"es"},{"@type":"WebPage","@id":"https:\/\/beade.es\/es\/actualizacion-consulta-popular\/","url":"https:\/\/beade.es\/es\/actualizacion-consulta-popular\/","name":"Actualizaci\u00f3n consulta popular | Concello de Beade","isPartOf":{"@id":"https:\/\/beade.es\/#website"},"datePublished":"2023-10-26T12:25:11+00:00","dateModified":"2023-10-26T12:27:04+00:00","breadcrumb":{"@id":"https:\/\/beade.es\/es\/actualizacion-consulta-popular\/#breadcrumb"},"inLanguage":"es","potentialAction":[{"@type":"ReadAction","target":["https:\/\/beade.es\/es\/actualizacion-consulta-popular\/"]}]},{"@type":"BreadcrumbList","@id":"https:\/\/beade.es\/es\/actualizacion-consulta-popular\/#breadcrumb","itemListElement":[{"@type":"ListItem","position":1,"name":"Portada","item":"https:\/\/beade.es\/es\/frontpage\/"},{"@type":"ListItem","position":2,"name":"Actualizaci\u00f3n consulta popular"}]},{"@type":"WebSite","@id":"https:\/\/beade.es\/#website","url":"https:\/\/beade.es\/","name":"Concello de Beade","description":"P\u00e1xina oficial do Concello de Beade","publisher":{"@id":"https:\/\/beade.es\/#organization"},"potentialAction":[{"@type":"SearchAction","target":{"@type":"EntryPoint","urlTemplate":"https:\/\/beade.es\/?s={search_term_string}"},"query-input":"required name=search_term_string"}],"inLanguage":"es"},{"@type":"Organization","@id":"https:\/\/beade.es\/#organization","name":"Concello de Beade","url":"https:\/\/beade.es\/","logo":{"@type":"ImageObject","inLanguage":"es","@id":"https:\/\/beade.es\/#\/schema\/logo\/image\/","url":"https:\/\/beade.es\/wp-content\/uploads\/2018\/01\/logo-beade.png","contentUrl":"https:\/\/beade.es\/wp-content\/uploads\/2018\/01\/logo-beade.png","width":380,"height":110,"caption":"Concello de Beade"},"image":{"@id":"https:\/\/beade.es\/#\/schema\/logo\/image\/"}},{"@type":"Person","@id":"https:\/\/beade.es\/#\/schema\/person\/965c7e653fc9a4298481a6bedca766bd","name":"Xestor Contidos","image":{"@type":"ImageObject","inLanguage":"es","@id":"https:\/\/beade.es\/#\/schema\/person\/image\/","url":"https:\/\/secure.gravatar.com\/avatar\/3f8d6e41ebbfe8c2ed19b505f10a08bc?s=96&d=mm&r=g","contentUrl":"https:\/\/secure.gravatar.com\/avatar\/3f8d6e41ebbfe8c2ed19b505f10a08bc?s=96&d=mm&r=g","caption":"Xestor Contidos"}}]}},"_links":{"self":[{"href":"https:\/\/beade.es\/es\/wp-json\/wp\/v2\/posts\/1414"}],"collection":[{"href":"https:\/\/beade.es\/es\/wp-json\/wp\/v2\/posts"}],"about":[{"href":"https:\/\/beade.es\/es\/wp-json\/wp\/v2\/types\/post"}],"author":[{"embeddable":true,"href":"https:\/\/beade.es\/es\/wp-json\/wp\/v2\/users\/2"}],"replies":[{"embeddable":true,"href":"https:\/\/beade.es\/es\/wp-json\/wp\/v2\/comments?post=1414"}],"version-history":[{"count":3,"href":"https:\/\/beade.es\/es\/wp-json\/wp\/v2\/posts\/1414\/revisions"}],"predecessor-version":[{"id":1421,"href":"https:\/\/beade.es\/es\/wp-json\/wp\/v2\/posts\/1414\/revisions\/1421"}],"wp:featuredmedia":[{"embeddable":true,"href":"https:\/\/beade.es\/es\/wp-json\/wp\/v2\/media\/1415"}],"wp:attachment":[{"href":"https:\/\/beade.es\/es\/wp-json\/wp\/v2\/media?parent=1414"}],"wp:term":[{"taxonomy":"category","embeddable":true,"href":"https:\/\/beade.es\/es\/wp-json\/wp\/v2\/categories?post=1414"},{"taxonomy":"post_tag","embeddable":true,"href":"https:\/\/beade.es\/es\/wp-json\/wp\/v2\/tags?post=1414"}],"curies":[{"name":"wp","href":"https:\/\/api.w.org\/{rel}","templated":true}]}}