{"id":1382,"date":"2023-09-28T11:45:11","date_gmt":"2023-09-28T09:45:11","guid":{"rendered":"https:\/\/beade.es\/patinaxe-para-toda-a-familia\/"},"modified":"2023-10-03T14:28:39","modified_gmt":"2023-10-03T12:28:39","slug":"patinaxe-para-toda-a-familia","status":"publish","type":"post","link":"https:\/\/beade.es\/es\/patinaxe-para-toda-a-familia\/","title":{"rendered":"Patinaje para toda la familia &#8211; jornada de puertas abiertas"},"content":{"rendered":"<p>El Ayuntamiento de Beade acord\u00f3 ceder la instalaci\u00f3n de su pabell\u00f3n polideportivo para la pr\u00e1ctica de una novedosa actividad de patinaje.<\/p>\n<p>La realizaci\u00f3n de la actividad est\u00e1 supeditada a la presencia de un grupo de, por lo menos, 10 personas.<\/p>\n<p>De existir un n\u00famero m\u00ednimo de interesados, se podr\u00eda organizar una jornada de puertas abiertas para probar la experiencia.<\/p>\n<p>Para conocer m\u00e1s detalles o inscribirse, contacten en el tel\u00e9fono 672 653 544.<\/p>\n<p><span style=\"color: #ff6600;\"><strong>ACTUALIZACI\u00d3N:<\/strong> el pr\u00f3ximo viernes, 6 de octubre, tendr\u00e1 lugar una jornada de puertas abiertas para la prueba de la actividad, de 18:00 a 19:00 horas en el pabell\u00f3n.<\/span><\/p>\n<p>A continuaci\u00f3n, se adjunta un <a href=\"https:\/\/beade.es\/wp-content\/uploads\/2023\/09\/Proyecto-Actividades-Deportivas.-1.pdf\">dossier informativo<\/a> de la empresa organizadora.<\/p>\n","protected":false},"excerpt":{"rendered":"<p>El Ayuntamiento de Beade acord\u00f3 ceder la instalaci\u00f3n de su pabell\u00f3n polideportivo para la pr\u00e1ctica de una novedosa actividad de patinaje. La realizaci\u00f3n de la actividad est\u00e1 supeditada a la presencia de un grupo de, por lo menos, 10 personas. De existir un n\u00famero m\u00ednimo de interesados, se podr\u00eda organizar una jornada de puertas abiertas [&hellip;]<\/p>\n","protected":false},"author":2,"featured_media":1380,"comment_status":"closed","ping_status":"closed","sticky":false,"template":"","format":"standard","meta":[],"categories":[24],"tags":[],"yoast_head":"<!-- This site is optimized with the Yoast SEO plugin v20.10 - https:\/\/yoast.com\/wordpress\/plugins\/seo\/ -->\n<title>Patinaje para toda la familia - jornada de puertas abiertas | Concello de Beade<\/title>\n<meta name=\"robots\" content=\"index, follow, max-snippet:-1, max-image-preview:large, max-video-preview:-1\" \/>\n<link rel=\"canonical\" href=\"https:\/\/beade.es\/es\/patinaxe-para-toda-a-familia\/\" \/>\n<meta property=\"og:locale\" content=\"es_ES\" \/>\n<meta property=\"og:type\" content=\"article\" \/>\n<meta property=\"og:title\" content=\"Patinaje para toda la familia - jornada de puertas abiertas | Concello de Beade\" \/>\n<meta property=\"og:description\" content=\"El Ayuntamiento de Beade acord\u00f3 ceder la instalaci\u00f3n de su pabell\u00f3n polideportivo para la pr\u00e1ctica de una novedosa actividad de patinaje. La realizaci\u00f3n de la actividad est\u00e1 supeditada a la presencia de un grupo de, por lo menos, 10 personas. De existir un n\u00famero m\u00ednimo de interesados, se podr\u00eda organizar una jornada de puertas abiertas [&hellip;]\" \/>\n<meta property=\"og:url\" content=\"https:\/\/beade.es\/es\/patinaxe-para-toda-a-familia\/\" \/>\n<meta property=\"og:site_name\" content=\"Concello de Beade\" \/>\n<meta property=\"article:published_time\" content=\"2023-09-28T09:45:11+00:00\" \/>\n<meta property=\"article:modified_time\" content=\"2023-10-03T12:28:39+00:00\" \/>\n<meta property=\"og:image\" content=\"https:\/\/beade.es\/wp-content\/uploads\/2023\/09\/patinar.jpg\" \/>\n\t<meta property=\"og:image:width\" content=\"768\" \/>\n\t<meta property=\"og:image:height\" content=\"417\" \/>\n\t<meta property=\"og:image:type\" content=\"image\/jpeg\" \/>\n<meta name=\"author\" content=\"Xestor Contidos\" \/>\n<meta name=\"twitter:card\" content=\"summary_large_image\" \/>\n<meta name=\"twitter:label1\" content=\"Escrito por\" \/>\n\t<meta name=\"twitter:data1\" content=\"Xestor Contidos\" \/>\n\t<meta name=\"twitter:label2\" content=\"Tiempo de lectura\" \/>\n\t<meta name=\"twitter:data2\" content=\"1 minuto\" \/>\n<script type=\"application\/ld+json\" class=\"yoast-schema-graph\">{\"@context\":\"https:\/\/schema.org\",\"@graph\":[{\"@type\":\"Article\",\"@id\":\"https:\/\/beade.es\/es\/patinaxe-para-toda-a-familia\/#article\",\"isPartOf\":{\"@id\":\"https:\/\/beade.es\/es\/patinaxe-para-toda-a-familia\/\"},\"author\":{\"name\":\"Xestor Contidos\",\"@id\":\"https:\/\/beade.es\/#\/schema\/person\/965c7e653fc9a4298481a6bedca766bd\"},\"headline\":\"Patinaje para toda la familia &#8211; jornada de puertas abiertas\",\"datePublished\":\"2023-09-28T09:45:11+00:00\",\"dateModified\":\"2023-10-03T12:28:39+00:00\",\"mainEntityOfPage\":{\"@id\":\"https:\/\/beade.es\/es\/patinaxe-para-toda-a-familia\/\"},\"wordCount\":127,\"publisher\":{\"@id\":\"https:\/\/beade.es\/#organization\"},\"articleSection\":[\"Noticias\"],\"inLanguage\":\"es\"},{\"@type\":\"WebPage\",\"@id\":\"https:\/\/beade.es\/es\/patinaxe-para-toda-a-familia\/\",\"url\":\"https:\/\/beade.es\/es\/patinaxe-para-toda-a-familia\/\",\"name\":\"Patinaje para toda la familia - jornada de puertas abiertas | Concello de Beade\",\"isPartOf\":{\"@id\":\"https:\/\/beade.es\/#website\"},\"datePublished\":\"2023-09-28T09:45:11+00:00\",\"dateModified\":\"2023-10-03T12:28:39+00:00\",\"breadcrumb\":{\"@id\":\"https:\/\/beade.es\/es\/patinaxe-para-toda-a-familia\/#breadcrumb\"},\"inLanguage\":\"es\",\"potentialAction\":[{\"@type\":\"ReadAction\",\"target\":[\"https:\/\/beade.es\/es\/patinaxe-para-toda-a-familia\/\"]}]},{\"@type\":\"BreadcrumbList\",\"@id\":\"https:\/\/beade.es\/es\/patinaxe-para-toda-a-familia\/#breadcrumb\",\"itemListElement\":[{\"@type\":\"ListItem\",\"position\":1,\"name\":\"Portada\",\"item\":\"https:\/\/beade.es\/es\/frontpage\/\"},{\"@type\":\"ListItem\",\"position\":2,\"name\":\"Patinaje para toda la familia &#8211; jornada de puertas abiertas\"}]},{\"@type\":\"WebSite\",\"@id\":\"https:\/\/beade.es\/#website\",\"url\":\"https:\/\/beade.es\/\",\"name\":\"Concello de Beade\",\"description\":\"P\u00e1xina oficial do Concello de Beade\",\"publisher\":{\"@id\":\"https:\/\/beade.es\/#organization\"},\"potentialAction\":[{\"@type\":\"SearchAction\",\"target\":{\"@type\":\"EntryPoint\",\"urlTemplate\":\"https:\/\/beade.es\/?s={search_term_string}\"},\"query-input\":\"required name=search_term_string\"}],\"inLanguage\":\"es\"},{\"@type\":\"Organization\",\"@id\":\"https:\/\/beade.es\/#organization\",\"name\":\"Concello de Beade\",\"url\":\"https:\/\/beade.es\/\",\"logo\":{\"@type\":\"ImageObject\",\"inLanguage\":\"es\",\"@id\":\"https:\/\/beade.es\/#\/schema\/logo\/image\/\",\"url\":\"https:\/\/beade.es\/wp-content\/uploads\/2018\/01\/logo-beade.png\",\"contentUrl\":\"https:\/\/beade.es\/wp-content\/uploads\/2018\/01\/logo-beade.png\",\"width\":380,\"height\":110,\"caption\":\"Concello de Beade\"},\"image\":{\"@id\":\"https:\/\/beade.es\/#\/schema\/logo\/image\/\"}},{\"@type\":\"Person\",\"@id\":\"https:\/\/beade.es\/#\/schema\/person\/965c7e653fc9a4298481a6bedca766bd\",\"name\":\"Xestor Contidos\",\"image\":{\"@type\":\"ImageObject\",\"inLanguage\":\"es\",\"@id\":\"https:\/\/beade.es\/#\/schema\/person\/image\/\",\"url\":\"https:\/\/secure.gravatar.com\/avatar\/3f8d6e41ebbfe8c2ed19b505f10a08bc?s=96&d=mm&r=g\",\"contentUrl\":\"https:\/\/secure.gravatar.com\/avatar\/3f8d6e41ebbfe8c2ed19b505f10a08bc?s=96&d=mm&r=g\",\"caption\":\"Xestor Contidos\"}}]}<\/script>\n<!-- \/ Yoast SEO plugin. -->","yoast_head_json":{"title":"Patinaje para toda la familia - jornada de puertas abiertas | Concello de Beade","robots":{"index":"index","follow":"follow","max-snippet":"max-snippet:-1","max-image-preview":"max-image-preview:large","max-video-preview":"max-video-preview:-1"},"canonical":"https:\/\/beade.es\/es\/patinaxe-para-toda-a-familia\/","og_locale":"es_ES","og_type":"article","og_title":"Patinaje para toda la familia - jornada de puertas abiertas | Concello de Beade","og_description":"El Ayuntamiento de Beade acord\u00f3 ceder la instalaci\u00f3n de su pabell\u00f3n polideportivo para la pr\u00e1ctica de una novedosa actividad de patinaje. La realizaci\u00f3n de la actividad est\u00e1 supeditada a la presencia de un grupo de, por lo menos, 10 personas. De existir un n\u00famero m\u00ednimo de interesados, se podr\u00eda organizar una jornada de puertas abiertas [&hellip;]","og_url":"https:\/\/beade.es\/es\/patinaxe-para-toda-a-familia\/","og_site_name":"Concello de Beade","article_published_time":"2023-09-28T09:45:11+00:00","article_modified_time":"2023-10-03T12:28:39+00:00","og_image":[{"width":768,"height":417,"url":"https:\/\/beade.es\/wp-content\/uploads\/2023\/09\/patinar.jpg","type":"image\/jpeg"}],"author":"Xestor Contidos","twitter_card":"summary_large_image","twitter_misc":{"Escrito por":"Xestor Contidos","Tiempo de lectura":"1 minuto"},"schema":{"@context":"https:\/\/schema.org","@graph":[{"@type":"Article","@id":"https:\/\/beade.es\/es\/patinaxe-para-toda-a-familia\/#article","isPartOf":{"@id":"https:\/\/beade.es\/es\/patinaxe-para-toda-a-familia\/"},"author":{"name":"Xestor Contidos","@id":"https:\/\/beade.es\/#\/schema\/person\/965c7e653fc9a4298481a6bedca766bd"},"headline":"Patinaje para toda la familia &#8211; jornada de puertas abiertas","datePublished":"2023-09-28T09:45:11+00:00","dateModified":"2023-10-03T12:28:39+00:00","mainEntityOfPage":{"@id":"https:\/\/beade.es\/es\/patinaxe-para-toda-a-familia\/"},"wordCount":127,"publisher":{"@id":"https:\/\/beade.es\/#organization"},"articleSection":["Noticias"],"inLanguage":"es"},{"@type":"WebPage","@id":"https:\/\/beade.es\/es\/patinaxe-para-toda-a-familia\/","url":"https:\/\/beade.es\/es\/patinaxe-para-toda-a-familia\/","name":"Patinaje para toda la familia - jornada de puertas abiertas | Concello de Beade","isPartOf":{"@id":"https:\/\/beade.es\/#website"},"datePublished":"2023-09-28T09:45:11+00:00","dateModified":"2023-10-03T12:28:39+00:00","breadcrumb":{"@id":"https:\/\/beade.es\/es\/patinaxe-para-toda-a-familia\/#breadcrumb"},"inLanguage":"es","potentialAction":[{"@type":"ReadAction","target":["https:\/\/beade.es\/es\/patinaxe-para-toda-a-familia\/"]}]},{"@type":"BreadcrumbList","@id":"https:\/\/beade.es\/es\/patinaxe-para-toda-a-familia\/#breadcrumb","itemListElement":[{"@type":"ListItem","position":1,"name":"Portada","item":"https:\/\/beade.es\/es\/frontpage\/"},{"@type":"ListItem","position":2,"name":"Patinaje para toda la familia &#8211; jornada de puertas abiertas"}]},{"@type":"WebSite","@id":"https:\/\/beade.es\/#website","url":"https:\/\/beade.es\/","name":"Concello de Beade","description":"P\u00e1xina oficial do Concello de Beade","publisher":{"@id":"https:\/\/beade.es\/#organization"},"potentialAction":[{"@type":"SearchAction","target":{"@type":"EntryPoint","urlTemplate":"https:\/\/beade.es\/?s={search_term_string}"},"query-input":"required name=search_term_string"}],"inLanguage":"es"},{"@type":"Organization","@id":"https:\/\/beade.es\/#organization","name":"Concello de Beade","url":"https:\/\/beade.es\/","logo":{"@type":"ImageObject","inLanguage":"es","@id":"https:\/\/beade.es\/#\/schema\/logo\/image\/","url":"https:\/\/beade.es\/wp-content\/uploads\/2018\/01\/logo-beade.png","contentUrl":"https:\/\/beade.es\/wp-content\/uploads\/2018\/01\/logo-beade.png","width":380,"height":110,"caption":"Concello de Beade"},"image":{"@id":"https:\/\/beade.es\/#\/schema\/logo\/image\/"}},{"@type":"Person","@id":"https:\/\/beade.es\/#\/schema\/person\/965c7e653fc9a4298481a6bedca766bd","name":"Xestor Contidos","image":{"@type":"ImageObject","inLanguage":"es","@id":"https:\/\/beade.es\/#\/schema\/person\/image\/","url":"https:\/\/secure.gravatar.com\/avatar\/3f8d6e41ebbfe8c2ed19b505f10a08bc?s=96&d=mm&r=g","contentUrl":"https:\/\/secure.gravatar.com\/avatar\/3f8d6e41ebbfe8c2ed19b505f10a08bc?s=96&d=mm&r=g","caption":"Xestor Contidos"}}]}},"_links":{"self":[{"href":"https:\/\/beade.es\/es\/wp-json\/wp\/v2\/posts\/1382"}],"collection":[{"href":"https:\/\/beade.es\/es\/wp-json\/wp\/v2\/posts"}],"about":[{"href":"https:\/\/beade.es\/es\/wp-json\/wp\/v2\/types\/post"}],"author":[{"embeddable":true,"href":"https:\/\/beade.es\/es\/wp-json\/wp\/v2\/users\/2"}],"replies":[{"embeddable":true,"href":"https:\/\/beade.es\/es\/wp-json\/wp\/v2\/comments?post=1382"}],"version-history":[{"count":5,"href":"https:\/\/beade.es\/es\/wp-json\/wp\/v2\/posts\/1382\/revisions"}],"predecessor-version":[{"id":1393,"href":"https:\/\/beade.es\/es\/wp-json\/wp\/v2\/posts\/1382\/revisions\/1393"}],"wp:featuredmedia":[{"embeddable":true,"href":"https:\/\/beade.es\/es\/wp-json\/wp\/v2\/media\/1380"}],"wp:attachment":[{"href":"https:\/\/beade.es\/es\/wp-json\/wp\/v2\/media?parent=1382"}],"wp:term":[{"taxonomy":"category","embeddable":true,"href":"https:\/\/beade.es\/es\/wp-json\/wp\/v2\/categories?post=1382"},{"taxonomy":"post_tag","embeddable":true,"href":"https:\/\/beade.es\/es\/wp-json\/wp\/v2\/tags?post=1382"}],"curies":[{"name":"wp","href":"https:\/\/api.w.org\/{rel}","templated":true}]}}