{"id":1324,"date":"2023-09-20T14:03:21","date_gmt":"2023-09-20T12:03:21","guid":{"rendered":"https:\/\/beade.es\/programa-benestar-en-balnearios-xunta-de-galicia\/"},"modified":"2023-09-20T14:11:33","modified_gmt":"2023-09-20T12:11:33","slug":"programa-benestar-en-balnearios-xunta-de-galicia","status":"publish","type":"post","link":"https:\/\/beade.es\/es\/programa-benestar-en-balnearios-xunta-de-galicia\/","title":{"rendered":"Programa Bienestar en Balnearios &#8211; Xunta de Galicia"},"content":{"rendered":"<h4>La Xunta de Galicia vuelve a poner en marcha el programa de Bienestar en Balnearios, una experiencia de ocio y salud destinada a los mayores de Galicia. Por ello, el Ayuntamiento de Beade pretende dar a conocer esta iniciativa y ponerse a disposici\u00f3n de sus vecinos y vecinas para ayudarlos en su tramitaci\u00f3n, a trav\u00e9s de la trabajadora social, disponible en el Ayuntamiento todos los martes de cada semana de 8:30 a 14:30 h.<\/h4>\n<p><strong>\u00bfEn qu\u00e9 consiste?<\/strong> Estancias de 10 d\u00edas en r\u00e9gimen de pensi\u00f3n completa (alojamiento, desayuno, comida y cena) a escoger entre 16 balnearios de Galicia en varios turnos, entre 22 de octubre y el 31 de diciembre de 2023.<\/p>\n<p><strong>\u00bfA qui\u00e9n ve dirigido?<\/strong> Mayores de 60 a\u00f1os (o mayor de 55 en condici\u00f3n de pensionista) y acompa\u00f1ante, si se desea (se pueden solicitar 2 plazas m\u00e1ximo por persona).<\/p>\n<p><strong>\u00bfCu\u00e1l es el plazo de inscripci\u00f3n?<\/strong> De 19 de septiembre a 18 de octubre de 2023, ambos incluidos.<\/p>\n<p><strong>\u00bfC\u00f3mo y d\u00f3nde se solicita la plaza?<\/strong><\/p>\n<ul>\n<li><span style=\"text-decoration: underline;\">Online<\/span>: tramitaci\u00f3n en l\u00ednea en la Sede electr\u00f3nica de la Xunta de Galicia (procedimiento BS607A).<\/li>\n<li><span style=\"text-decoration: underline;\">Presencial<\/span>: en cualquier registro oficial de la Xunta de Galicia, as\u00ed como en cualquier oficina de Correos presentando la solicitud impresa.<\/li>\n<li><span style=\"text-decoration: underline;\">Ayuda en la tramitaci\u00f3n a vecinos del Ayuntamiento de Beade<\/span>: los martes, en el Ayuntamiento, a trav\u00e9s de la trabajadora social (de 8:30 a 14:30 h.).<\/li>\n<\/ul>\n<p><strong>Posibles acompa\u00f1antes:<\/strong><\/p>\n<ul>\n<li><span style=\"text-decoration: underline;\">Acompa\u00f1ante general:<\/span> c\u00f3nxuge de cualquier edad, o persona distinta del conjuge que cumpla el requisito de edad, es decir, mayor de 60 o de 55 se es pensionista.<\/li>\n<li><span style=\"text-decoration: underline;\">Hijo\/a con dependencia:<\/span> que haya reconocido un m\u00ednimo del 33% de dependencia.<\/li>\n<\/ul>\n<p><strong>\u00bfCu\u00e1l es el coste?<\/strong> Se establece una tarifa fija por estancia completa que var\u00eda en funci\u00f3n del establecimiento termal escogido (consultar documento adjunto). <span style=\"text-decoration: underline;\">La Xunta de Galicia financia alrededor de un 40% del coste total<\/span>.<\/p>\n<p><strong>\u00bfC\u00f3mo confirmar la reserva?<\/strong> Tan pronto se reciba confirmaci\u00f3n oficial de la concesi\u00f3n de la plaza, se contactar\u00e1 con el balneario escogido directamente para seleccionar el turno de inter\u00e9s, y depositar 30\u20ac en concepto de reserva. El importe restante se abonar\u00e1 a la llegada al establecimiento.<\/p>\n<p style=\"padding-left: 40px;\"><span style=\"text-decoration: underline;\"><strong>DOCUMENTOS:<\/strong><\/span><\/p>\n<p><a href=\"https:\/\/beade.es\/wp-content\/uploads\/2023\/09\/Orde-da-convocatoria.pdf\">Orden de la convocatoria<\/a><\/p>\n<p><a href=\"https:\/\/beade.es\/wp-content\/uploads\/2023\/09\/Solicitude.pdf\">Solicitud<\/a><\/p>\n<p><a href=\"https:\/\/beade.es\/wp-content\/uploads\/2023\/09\/Solicitude-de-acompanante-xeral.pdf\">Solicitud de acompa\u00f1ante general<\/a><\/p>\n<p><a href=\"https:\/\/beade.es\/wp-content\/uploads\/2023\/09\/Solicitude-de-fillo-dependente-acompanante.pdf\">Solicitud de acompa\u00f1ante &#8211; hijo\/a dependiente<\/a><\/p>\n<p><a href=\"https:\/\/beade.es\/wp-content\/uploads\/2023\/09\/Establecementos-balnearios-indicacions-terapeuticas-quendas-e-prezos.-Baremo.pdf\">Establecimientos balnearios, indicaciones terap\u00e9uticas, turnos y precios. Baremo<\/a><\/p>\n","protected":false},"excerpt":{"rendered":"<p>La Xunta de Galicia vuelve a poner en marcha el programa de Bienestar en Balnearios, una experiencia de ocio y salud destinada a los mayores de Galicia. Por ello, el Ayuntamiento de Beade pretende dar a conocer esta iniciativa y ponerse a disposici\u00f3n de sus vecinos y vecinas para ayudarlos en su tramitaci\u00f3n, a trav\u00e9s [&hellip;]<\/p>\n","protected":false},"author":2,"featured_media":1322,"comment_status":"closed","ping_status":"closed","sticky":false,"template":"","format":"standard","meta":[],"categories":[24],"tags":[],"yoast_head":"<!-- This site is optimized with the Yoast SEO plugin v20.10 - https:\/\/yoast.com\/wordpress\/plugins\/seo\/ -->\n<title>Programa Bienestar en Balnearios - Xunta de Galicia | Concello de Beade<\/title>\n<meta name=\"robots\" content=\"index, follow, max-snippet:-1, max-image-preview:large, max-video-preview:-1\" \/>\n<link rel=\"canonical\" href=\"https:\/\/beade.es\/es\/programa-benestar-en-balnearios-xunta-de-galicia\/\" \/>\n<meta property=\"og:locale\" content=\"es_ES\" \/>\n<meta property=\"og:type\" content=\"article\" \/>\n<meta property=\"og:title\" content=\"Programa Bienestar en Balnearios - Xunta de Galicia | Concello de Beade\" \/>\n<meta property=\"og:description\" content=\"La Xunta de Galicia vuelve a poner en marcha el programa de Bienestar en Balnearios, una experiencia de ocio y salud destinada a los mayores de Galicia. Por ello, el Ayuntamiento de Beade pretende dar a conocer esta iniciativa y ponerse a disposici\u00f3n de sus vecinos y vecinas para ayudarlos en su tramitaci\u00f3n, a trav\u00e9s [&hellip;]\" \/>\n<meta property=\"og:url\" content=\"https:\/\/beade.es\/es\/programa-benestar-en-balnearios-xunta-de-galicia\/\" \/>\n<meta property=\"og:site_name\" content=\"Concello de Beade\" \/>\n<meta property=\"article:published_time\" content=\"2023-09-20T12:03:21+00:00\" \/>\n<meta property=\"article:modified_time\" content=\"2023-09-20T12:11:33+00:00\" \/>\n<meta property=\"og:image\" content=\"https:\/\/beade.es\/wp-content\/uploads\/2023\/09\/balneario-galicia.gif\" \/>\n\t<meta property=\"og:image:width\" content=\"702\" \/>\n\t<meta property=\"og:image:height\" content=\"494\" \/>\n\t<meta property=\"og:image:type\" content=\"image\/gif\" \/>\n<meta name=\"author\" content=\"Xestor Contidos\" \/>\n<meta name=\"twitter:card\" content=\"summary_large_image\" \/>\n<meta name=\"twitter:label1\" content=\"Escrito por\" \/>\n\t<meta name=\"twitter:data1\" content=\"Xestor Contidos\" \/>\n\t<meta name=\"twitter:label2\" content=\"Tiempo de lectura\" \/>\n\t<meta name=\"twitter:data2\" content=\"3 minutos\" \/>\n<script type=\"application\/ld+json\" class=\"yoast-schema-graph\">{\"@context\":\"https:\/\/schema.org\",\"@graph\":[{\"@type\":\"Article\",\"@id\":\"https:\/\/beade.es\/es\/programa-benestar-en-balnearios-xunta-de-galicia\/#article\",\"isPartOf\":{\"@id\":\"https:\/\/beade.es\/es\/programa-benestar-en-balnearios-xunta-de-galicia\/\"},\"author\":{\"name\":\"Xestor Contidos\",\"@id\":\"https:\/\/beade.es\/#\/schema\/person\/965c7e653fc9a4298481a6bedca766bd\"},\"headline\":\"Programa Bienestar en Balnearios &#8211; Xunta de Galicia\",\"datePublished\":\"2023-09-20T12:03:21+00:00\",\"dateModified\":\"2023-09-20T12:11:33+00:00\",\"mainEntityOfPage\":{\"@id\":\"https:\/\/beade.es\/es\/programa-benestar-en-balnearios-xunta-de-galicia\/\"},\"wordCount\":400,\"publisher\":{\"@id\":\"https:\/\/beade.es\/#organization\"},\"articleSection\":[\"Noticias\"],\"inLanguage\":\"es\"},{\"@type\":\"WebPage\",\"@id\":\"https:\/\/beade.es\/es\/programa-benestar-en-balnearios-xunta-de-galicia\/\",\"url\":\"https:\/\/beade.es\/es\/programa-benestar-en-balnearios-xunta-de-galicia\/\",\"name\":\"Programa Bienestar en Balnearios - Xunta de Galicia | Concello de Beade\",\"isPartOf\":{\"@id\":\"https:\/\/beade.es\/#website\"},\"datePublished\":\"2023-09-20T12:03:21+00:00\",\"dateModified\":\"2023-09-20T12:11:33+00:00\",\"breadcrumb\":{\"@id\":\"https:\/\/beade.es\/es\/programa-benestar-en-balnearios-xunta-de-galicia\/#breadcrumb\"},\"inLanguage\":\"es\",\"potentialAction\":[{\"@type\":\"ReadAction\",\"target\":[\"https:\/\/beade.es\/es\/programa-benestar-en-balnearios-xunta-de-galicia\/\"]}]},{\"@type\":\"BreadcrumbList\",\"@id\":\"https:\/\/beade.es\/es\/programa-benestar-en-balnearios-xunta-de-galicia\/#breadcrumb\",\"itemListElement\":[{\"@type\":\"ListItem\",\"position\":1,\"name\":\"Portada\",\"item\":\"https:\/\/beade.es\/es\/frontpage\/\"},{\"@type\":\"ListItem\",\"position\":2,\"name\":\"Programa Bienestar en Balnearios &#8211; Xunta de Galicia\"}]},{\"@type\":\"WebSite\",\"@id\":\"https:\/\/beade.es\/#website\",\"url\":\"https:\/\/beade.es\/\",\"name\":\"Concello de Beade\",\"description\":\"P\u00e1xina oficial do Concello de Beade\",\"publisher\":{\"@id\":\"https:\/\/beade.es\/#organization\"},\"potentialAction\":[{\"@type\":\"SearchAction\",\"target\":{\"@type\":\"EntryPoint\",\"urlTemplate\":\"https:\/\/beade.es\/?s={search_term_string}\"},\"query-input\":\"required name=search_term_string\"}],\"inLanguage\":\"es\"},{\"@type\":\"Organization\",\"@id\":\"https:\/\/beade.es\/#organization\",\"name\":\"Concello de Beade\",\"url\":\"https:\/\/beade.es\/\",\"logo\":{\"@type\":\"ImageObject\",\"inLanguage\":\"es\",\"@id\":\"https:\/\/beade.es\/#\/schema\/logo\/image\/\",\"url\":\"https:\/\/beade.es\/wp-content\/uploads\/2018\/01\/logo-beade.png\",\"contentUrl\":\"https:\/\/beade.es\/wp-content\/uploads\/2018\/01\/logo-beade.png\",\"width\":380,\"height\":110,\"caption\":\"Concello de Beade\"},\"image\":{\"@id\":\"https:\/\/beade.es\/#\/schema\/logo\/image\/\"}},{\"@type\":\"Person\",\"@id\":\"https:\/\/beade.es\/#\/schema\/person\/965c7e653fc9a4298481a6bedca766bd\",\"name\":\"Xestor Contidos\",\"image\":{\"@type\":\"ImageObject\",\"inLanguage\":\"es\",\"@id\":\"https:\/\/beade.es\/#\/schema\/person\/image\/\",\"url\":\"https:\/\/secure.gravatar.com\/avatar\/3f8d6e41ebbfe8c2ed19b505f10a08bc?s=96&d=mm&r=g\",\"contentUrl\":\"https:\/\/secure.gravatar.com\/avatar\/3f8d6e41ebbfe8c2ed19b505f10a08bc?s=96&d=mm&r=g\",\"caption\":\"Xestor Contidos\"}}]}<\/script>\n<!-- \/ Yoast SEO plugin. -->","yoast_head_json":{"title":"Programa Bienestar en Balnearios - Xunta de Galicia | Concello de Beade","robots":{"index":"index","follow":"follow","max-snippet":"max-snippet:-1","max-image-preview":"max-image-preview:large","max-video-preview":"max-video-preview:-1"},"canonical":"https:\/\/beade.es\/es\/programa-benestar-en-balnearios-xunta-de-galicia\/","og_locale":"es_ES","og_type":"article","og_title":"Programa Bienestar en Balnearios - Xunta de Galicia | Concello de Beade","og_description":"La Xunta de Galicia vuelve a poner en marcha el programa de Bienestar en Balnearios, una experiencia de ocio y salud destinada a los mayores de Galicia. Por ello, el Ayuntamiento de Beade pretende dar a conocer esta iniciativa y ponerse a disposici\u00f3n de sus vecinos y vecinas para ayudarlos en su tramitaci\u00f3n, a trav\u00e9s [&hellip;]","og_url":"https:\/\/beade.es\/es\/programa-benestar-en-balnearios-xunta-de-galicia\/","og_site_name":"Concello de Beade","article_published_time":"2023-09-20T12:03:21+00:00","article_modified_time":"2023-09-20T12:11:33+00:00","og_image":[{"width":702,"height":494,"url":"https:\/\/beade.es\/wp-content\/uploads\/2023\/09\/balneario-galicia.gif","type":"image\/gif"}],"author":"Xestor Contidos","twitter_card":"summary_large_image","twitter_misc":{"Escrito por":"Xestor Contidos","Tiempo de lectura":"3 minutos"},"schema":{"@context":"https:\/\/schema.org","@graph":[{"@type":"Article","@id":"https:\/\/beade.es\/es\/programa-benestar-en-balnearios-xunta-de-galicia\/#article","isPartOf":{"@id":"https:\/\/beade.es\/es\/programa-benestar-en-balnearios-xunta-de-galicia\/"},"author":{"name":"Xestor Contidos","@id":"https:\/\/beade.es\/#\/schema\/person\/965c7e653fc9a4298481a6bedca766bd"},"headline":"Programa Bienestar en Balnearios &#8211; Xunta de Galicia","datePublished":"2023-09-20T12:03:21+00:00","dateModified":"2023-09-20T12:11:33+00:00","mainEntityOfPage":{"@id":"https:\/\/beade.es\/es\/programa-benestar-en-balnearios-xunta-de-galicia\/"},"wordCount":400,"publisher":{"@id":"https:\/\/beade.es\/#organization"},"articleSection":["Noticias"],"inLanguage":"es"},{"@type":"WebPage","@id":"https:\/\/beade.es\/es\/programa-benestar-en-balnearios-xunta-de-galicia\/","url":"https:\/\/beade.es\/es\/programa-benestar-en-balnearios-xunta-de-galicia\/","name":"Programa Bienestar en Balnearios - Xunta de Galicia | Concello de Beade","isPartOf":{"@id":"https:\/\/beade.es\/#website"},"datePublished":"2023-09-20T12:03:21+00:00","dateModified":"2023-09-20T12:11:33+00:00","breadcrumb":{"@id":"https:\/\/beade.es\/es\/programa-benestar-en-balnearios-xunta-de-galicia\/#breadcrumb"},"inLanguage":"es","potentialAction":[{"@type":"ReadAction","target":["https:\/\/beade.es\/es\/programa-benestar-en-balnearios-xunta-de-galicia\/"]}]},{"@type":"BreadcrumbList","@id":"https:\/\/beade.es\/es\/programa-benestar-en-balnearios-xunta-de-galicia\/#breadcrumb","itemListElement":[{"@type":"ListItem","position":1,"name":"Portada","item":"https:\/\/beade.es\/es\/frontpage\/"},{"@type":"ListItem","position":2,"name":"Programa Bienestar en Balnearios &#8211; Xunta de Galicia"}]},{"@type":"WebSite","@id":"https:\/\/beade.es\/#website","url":"https:\/\/beade.es\/","name":"Concello de Beade","description":"P\u00e1xina oficial do Concello de Beade","publisher":{"@id":"https:\/\/beade.es\/#organization"},"potentialAction":[{"@type":"SearchAction","target":{"@type":"EntryPoint","urlTemplate":"https:\/\/beade.es\/?s={search_term_string}"},"query-input":"required name=search_term_string"}],"inLanguage":"es"},{"@type":"Organization","@id":"https:\/\/beade.es\/#organization","name":"Concello de Beade","url":"https:\/\/beade.es\/","logo":{"@type":"ImageObject","inLanguage":"es","@id":"https:\/\/beade.es\/#\/schema\/logo\/image\/","url":"https:\/\/beade.es\/wp-content\/uploads\/2018\/01\/logo-beade.png","contentUrl":"https:\/\/beade.es\/wp-content\/uploads\/2018\/01\/logo-beade.png","width":380,"height":110,"caption":"Concello de Beade"},"image":{"@id":"https:\/\/beade.es\/#\/schema\/logo\/image\/"}},{"@type":"Person","@id":"https:\/\/beade.es\/#\/schema\/person\/965c7e653fc9a4298481a6bedca766bd","name":"Xestor Contidos","image":{"@type":"ImageObject","inLanguage":"es","@id":"https:\/\/beade.es\/#\/schema\/person\/image\/","url":"https:\/\/secure.gravatar.com\/avatar\/3f8d6e41ebbfe8c2ed19b505f10a08bc?s=96&d=mm&r=g","contentUrl":"https:\/\/secure.gravatar.com\/avatar\/3f8d6e41ebbfe8c2ed19b505f10a08bc?s=96&d=mm&r=g","caption":"Xestor Contidos"}}]}},"_links":{"self":[{"href":"https:\/\/beade.es\/es\/wp-json\/wp\/v2\/posts\/1324"}],"collection":[{"href":"https:\/\/beade.es\/es\/wp-json\/wp\/v2\/posts"}],"about":[{"href":"https:\/\/beade.es\/es\/wp-json\/wp\/v2\/types\/post"}],"author":[{"embeddable":true,"href":"https:\/\/beade.es\/es\/wp-json\/wp\/v2\/users\/2"}],"replies":[{"embeddable":true,"href":"https:\/\/beade.es\/es\/wp-json\/wp\/v2\/comments?post=1324"}],"version-history":[{"count":2,"href":"https:\/\/beade.es\/es\/wp-json\/wp\/v2\/posts\/1324\/revisions"}],"predecessor-version":[{"id":1327,"href":"https:\/\/beade.es\/es\/wp-json\/wp\/v2\/posts\/1324\/revisions\/1327"}],"wp:featuredmedia":[{"embeddable":true,"href":"https:\/\/beade.es\/es\/wp-json\/wp\/v2\/media\/1322"}],"wp:attachment":[{"href":"https:\/\/beade.es\/es\/wp-json\/wp\/v2\/media?parent=1324"}],"wp:term":[{"taxonomy":"category","embeddable":true,"href":"https:\/\/beade.es\/es\/wp-json\/wp\/v2\/categories?post=1324"},{"taxonomy":"post_tag","embeddable":true,"href":"https:\/\/beade.es\/es\/wp-json\/wp\/v2\/tags?post=1324"}],"curies":[{"name":"wp","href":"https:\/\/api.w.org\/{rel}","templated":true}]}}